{"id":80663,"date":"2026-01-14T14:15:05","date_gmt":"2026-01-14T11:15:05","guid":{"rendered":"https:\/\/www.egemtv.com\/?p=80663"},"modified":"2026-01-14T14:15:05","modified_gmt":"2026-01-14T11:15:05","slug":"kutahya-osb-yatirimcilarina-jandarmadan-bilgilendirme-semineri","status":"publish","type":"post","link":"https:\/\/www.egemtv.com\/?p=80663","title":{"rendered":"K\u00fctahya OSB yat\u0131r\u0131mc\u0131lar\u0131na jandarmadan bilgilendirme semineri"},"content":{"rendered":"<p>K\u00fctahya Organize Sanayi B\u00f6lgesi (OSB) yat\u0131r\u0131mc\u0131lar\u0131na y\u00f6nelik olarak, K\u00fctahya OSB Jandarma Karakolu taraf\u0131ndan bilgilendirme semineri d\u00fczenlendi. Seminere, K\u00fctahya OSB Jandarma Karakolu Komutan\u0131 ile K\u00fctahya \u0130l Jandarma Komutanl\u0131\u011f\u0131\u2019nda g\u00f6revli jandarma astsubaylar kat\u0131ld\u0131.<br \/>\n<br \/>Seminer kapsam\u0131nda; i\u015f kazalar\u0131 analizi, kimlik bilgilendirme mevzuat\u0131, yabanc\u0131 uyruklu \u00e7al\u0131\u015fanlar\u0131n istihdam\u0131na ili\u015fkin esaslar ile KADES uygulamas\u0131 ba\u015fta olmak \u00fczere, kolluk kuvvetleriyle koordinasyon gerektiren s\u00fcre\u00e7ler hakk\u0131nda kat\u0131l\u0131mc\u0131lara kapsaml\u0131 bilgiler verildi.<br \/>\n<br \/>Programda ayr\u0131ca K\u00fctahya OSB M\u00fcd\u00fcrl\u00fc\u011f\u00fc \u0130\u015f G\u00fcvenli\u011fi Uzman\u0131 S\u00fcleyman G\u00fcne\u015f taraf\u0131ndan i\u015f kazalar\u0131na m\u00fcdahale s\u00fcre\u00e7leri, kazalar\u0131n sisteme giri\u015f a\u015famalar\u0131, kolluk kuvvetleriyle e\u015f zamanl\u0131 \u00e7al\u0131\u015fma, k\u00f6k neden analizi ile ar\u015fivleme ve raporlama konular\u0131nda bilgilendirme sunumu ger\u00e7ekle\u015ftirildi.<br \/>\n<br \/>Kat\u0131l\u0131mc\u0131lar\u0131n g\u00f6r\u00fc\u015f ve \u00f6nerilerinin de al\u0131nd\u0131\u011f\u0131 seminer, kar\u015f\u0131l\u0131kl\u0131 bilgi payla\u015f\u0131m\u0131n\u0131n art\u0131r\u0131lmas\u0131 ve fark\u0131ndal\u0131k olu\u015fturulmas\u0131 a\u00e7\u0131s\u0131ndan verimli bir \u015fekilde tamamland\u0131.<br \/><\/p>\n","protected":false},"excerpt":{"rendered":"<p>K\u00fctahya Organize Sanayi B\u00f6lgesi (OSB) yat\u0131r\u0131mc\u0131lar\u0131na y\u00f6nelik olarak, K\u00fctahya OSB Jandarma Karakolu taraf\u0131ndan bilgilendirme semineri d\u00fczenlendi. Seminere, K\u00fctahya OSB Jandarma Karakolu Komutan\u0131 ile K\u00fctahya \u0130l Jandarma Komutanl\u0131\u011f\u0131\u2019nda g\u00f6revli jandarma astsubaylar kat\u0131ld\u0131. Seminer kapsam\u0131nda; i\u015f kazalar\u0131 analizi, kimlik bilgilendirme mevzuat\u0131, yabanc\u0131 uyruklu \u00e7al\u0131\u015fanlar\u0131n istihdam\u0131na ili\u015fkin esaslar ile KADES uygulamas\u0131 ba\u015fta olmak \u00fczere, kolluk kuvvetleriyle koordinasyon gerektiren&#8230;<\/p>\n","protected":false},"author":1,"featured_media":80664,"comment_status":"open","ping_status":"open","sticky":false,"template":"","format":"standard","meta":{"_crdt_document":"","footnotes":""},"categories":[123],"tags":[],"class_list":["post-80663","post","type-post","status-publish","format-standard","has-post-thumbnail","hentry","category-gundem"],"_links":{"self":[{"href":"https:\/\/www.egemtv.com\/index.php?rest_route=\/wp\/v2\/posts\/80663","targetHints":{"allow":["GET"]}}],"collection":[{"href":"https:\/\/www.egemtv.com\/index.php?rest_route=\/wp\/v2\/posts"}],"about":[{"href":"https:\/\/www.egemtv.com\/index.php?rest_route=\/wp\/v2\/types\/post"}],"author":[{"embeddable":true,"href":"https:\/\/www.egemtv.com\/index.php?rest_route=\/wp\/v2\/users\/1"}],"replies":[{"embeddable":true,"href":"https:\/\/www.egemtv.com\/index.php?rest_route=%2Fwp%2Fv2%2Fcomments&post=80663"}],"version-history":[{"count":1,"href":"https:\/\/www.egemtv.com\/index.php?rest_route=\/wp\/v2\/posts\/80663\/revisions"}],"predecessor-version":[{"id":80665,"href":"https:\/\/www.egemtv.com\/index.php?rest_route=\/wp\/v2\/posts\/80663\/revisions\/80665"}],"wp:featuredmedia":[{"embeddable":true,"href":"https:\/\/www.egemtv.com\/index.php?rest_route=\/wp\/v2\/media\/80664"}],"wp:attachment":[{"href":"https:\/\/www.egemtv.com\/index.php?rest_route=%2Fwp%2Fv2%2Fmedia&parent=80663"}],"wp:term":[{"taxonomy":"category","embeddable":true,"href":"https:\/\/www.egemtv.com\/index.php?rest_route=%2Fwp%2Fv2%2Fcategories&post=80663"},{"taxonomy":"post_tag","embeddable":true,"href":"https:\/\/www.egemtv.com\/index.php?rest_route=%2Fwp%2Fv2%2Ftags&post=80663"}],"curies":[{"name":"wp","href":"https:\/\/api.w.org\/{rel}","templated":true}]}}