{"id":80660,"date":"2026-01-14T13:55:41","date_gmt":"2026-01-14T10:55:41","guid":{"rendered":"https:\/\/www.egemtv.com\/?p=80660"},"modified":"2026-01-14T13:55:43","modified_gmt":"2026-01-14T10:55:43","slug":"marti-tagdan-paylasimli-yolculuk-icin-izmir-buyuksehir-belediyesi-ukomeye-48-bin-dilekce","status":"publish","type":"post","link":"https:\/\/www.egemtv.com\/?p=80660","title":{"rendered":"Mart\u0131 TAG\u2019dan payla\u015f\u0131ml\u0131 yolculuk i\u00e7in \u0130zmir B\u00fcy\u00fck\u015fehir Belediyesi UKOME\u2019ye 48 bin dilek\u00e7e"},"content":{"rendered":"<p>Mart\u0131 TAG kurucusu O\u011fuz Alper \u00d6ktem, payla\u015f\u0131ml\u0131 yolculuk y\u00f6netmeli\u011finin hayata ge\u00e7irilmesi talebiyle 48 bin dilek\u00e7eyi, \u0130zmir B\u00fcy\u00fck\u015fehir Belediyesi Ula\u015f\u0131m Koordinasyon M\u00fcd\u00fcrl\u00fc\u011f\u00fc\u2019ne teslim etti.<\/p>\n<p>Mart\u0131 TAG kurucusu O\u011fuz Alper \u00d6ktem, payla\u015f\u0131ml\u0131 yolculuk y\u00f6netmeli\u011finin hayata ge\u00e7irilmesi talebiyle \u0130zmir\u2019deki TAG destek\u00e7ileri taraf\u0131ndan imzalanan 48 bin dilek\u00e7eyi, \u0130zmir B\u00fcy\u00fck\u015fehir Belediyesi Ula\u015f\u0131m Koordinasyon M\u00fcd\u00fcrl\u00fc\u011f\u00fc\u2019ne teslim etti.<br \/>\n<br \/>T\u00fcrkiye genelinde payla\u015f\u0131ml\u0131 yolculu\u011fun hayata ge\u00e7irilmesine y\u00f6nelik a\u00e7\u0131k bir talep bulundu\u011funu vurgulayan \u00d6ktem, yaln\u0131zca \u0130zmir\u2019de 1 milyon TAG kullan\u0131c\u0131s\u0131n\u0131n ve 36 bin TAG s\u00fcr\u00fcc\u00fcs\u00fcn\u00fcn payla\u015f\u0131ml\u0131 yolculu\u011fu aktif olarak kulland\u0131\u011f\u0131n\u0131 ve destekledi\u011fini ifade etti.<br \/>\n<br \/>Fiilen kullan\u0131lan, toplumsal kar\u015f\u0131l\u0131\u011f\u0131 olan ve ekonomik de\u011fer \u00fcreten bu ula\u015f\u0131m modelinin T\u00fcrkiye\u2019de ka\u00e7\u0131n\u0131lmaz bir ihtiya\u00e7 oldu\u011funu belirten O\u011fuz Alper \u00d6ktem, &#8220;Payla\u015f\u0131ml\u0131 yolculuk bug\u00fcn d\u00fcnyada 196 \u00fclkede yasal d\u00fczenlemelerle uygulan\u0131yor. Bug\u00fcn payla\u015f\u0131ml\u0131 yolculu\u011fun hi\u00e7 uygulanmad\u0131\u011f\u0131 \u00fclke say\u0131s\u0131 bir elin parmaklar\u0131n\u0131 ge\u00e7miyor. Bu nedenle biz de \u0130zmir\u2019de toplad\u0131\u011f\u0131m\u0131z 48 bin dilek\u00e7eyi, \u2018Payla\u015f\u0131ml\u0131 Yolculuk Y\u00f6netmeli\u011fi\u2019nin hayata ge\u00e7irilmesi talebiyle UKOME\u2019ye teslim ettik. Beklentimiz, payla\u015f\u0131ml\u0131 yolculu\u011fun T\u00fcrkiye\u2019de g\u00fcvenli ve denetimli bir ula\u015f\u0131m alternatifi olarak sistemin par\u00e7as\u0131 haline gelmesi&#8221; dedi.<br \/><\/p>\n","protected":false},"excerpt":{"rendered":"<p>Mart\u0131 TAG kurucusu O\u011fuz Alper \u00d6ktem, payla\u015f\u0131ml\u0131 yolculuk y\u00f6netmeli\u011finin hayata ge\u00e7irilmesi talebiyle 48 bin dilek\u00e7eyi, \u0130zmir B\u00fcy\u00fck\u015fehir Belediyesi Ula\u015f\u0131m Koordinasyon M\u00fcd\u00fcrl\u00fc\u011f\u00fc\u2019ne teslim etti. Mart\u0131 TAG kurucusu O\u011fuz Alper \u00d6ktem, payla\u015f\u0131ml\u0131 yolculuk y\u00f6netmeli\u011finin hayata ge\u00e7irilmesi talebiyle \u0130zmir\u2019deki TAG destek\u00e7ileri taraf\u0131ndan imzalanan 48 bin dilek\u00e7eyi, \u0130zmir B\u00fcy\u00fck\u015fehir Belediyesi Ula\u015f\u0131m Koordinasyon M\u00fcd\u00fcrl\u00fc\u011f\u00fc\u2019ne teslim etti. T\u00fcrkiye genelinde payla\u015f\u0131ml\u0131 yolculu\u011fun&#8230;<\/p>\n","protected":false},"author":1,"featured_media":80661,"comment_status":"open","ping_status":"open","sticky":false,"template":"","format":"standard","meta":{"_crdt_document":"","footnotes":""},"categories":[1],"tags":[],"class_list":["post-80660","post","type-post","status-publish","format-standard","has-post-thumbnail","hentry","category-guncel"],"_links":{"self":[{"href":"https:\/\/www.egemtv.com\/index.php?rest_route=\/wp\/v2\/posts\/80660","targetHints":{"allow":["GET"]}}],"collection":[{"href":"https:\/\/www.egemtv.com\/index.php?rest_route=\/wp\/v2\/posts"}],"about":[{"href":"https:\/\/www.egemtv.com\/index.php?rest_route=\/wp\/v2\/types\/post"}],"author":[{"embeddable":true,"href":"https:\/\/www.egemtv.com\/index.php?rest_route=\/wp\/v2\/users\/1"}],"replies":[{"embeddable":true,"href":"https:\/\/www.egemtv.com\/index.php?rest_route=%2Fwp%2Fv2%2Fcomments&post=80660"}],"version-history":[{"count":1,"href":"https:\/\/www.egemtv.com\/index.php?rest_route=\/wp\/v2\/posts\/80660\/revisions"}],"predecessor-version":[{"id":80662,"href":"https:\/\/www.egemtv.com\/index.php?rest_route=\/wp\/v2\/posts\/80660\/revisions\/80662"}],"wp:featuredmedia":[{"embeddable":true,"href":"https:\/\/www.egemtv.com\/index.php?rest_route=\/wp\/v2\/media\/80661"}],"wp:attachment":[{"href":"https:\/\/www.egemtv.com\/index.php?rest_route=%2Fwp%2Fv2%2Fmedia&parent=80660"}],"wp:term":[{"taxonomy":"category","embeddable":true,"href":"https:\/\/www.egemtv.com\/index.php?rest_route=%2Fwp%2Fv2%2Fcategories&post=80660"},{"taxonomy":"post_tag","embeddable":true,"href":"https:\/\/www.egemtv.com\/index.php?rest_route=%2Fwp%2Fv2%2Ftags&post=80660"}],"curies":[{"name":"wp","href":"https:\/\/api.w.org\/{rel}","templated":true}]}}