{"id":80654,"date":"2026-01-14T13:35:25","date_gmt":"2026-01-14T10:35:25","guid":{"rendered":"https:\/\/www.egemtv.com\/?p=80654"},"modified":"2026-01-14T13:35:25","modified_gmt":"2026-01-14T10:35:25","slug":"sehit-mustafa-kozakin-annesi-gulsen-kozaki-duygulandiran-ziyaret","status":"publish","type":"post","link":"https:\/\/www.egemtv.com\/?p=80654","title":{"rendered":"\u015eehit Mustafa Kozak\u2019\u0131n annesi G\u00fcl\u015fen Kozak\u2019\u0131 duyguland\u0131ran ziyaret"},"content":{"rendered":"<p>T\u00fcrkiye Harp Malul\u00fc Gaziler \u015eehit Dul ve Yetimleri Derne\u011fi Manisa \u015eubesi taraf\u0131ndan Salihlili \u015fehit Mustafa Kozak mezar\u0131 ba\u015f\u0131nda an\u0131l\u0131rken, annesi G\u00fcl\u015fen Kozak da ziyaret edildi.<br \/>\n<br \/>Manisa\u2019n\u0131n Salihli il\u00e7esinde, vatan u\u011fruna can\u0131n\u0131 feda eden \u015fehit Mustafa Kozak\u2019\u0131n annesi G\u00fcl\u015fen Kozak, T\u00fcrkiye Harp Malul\u00fc Gaziler \u015eehit Dul ve Yetimleri Derne\u011fi Manisa \u015eubesi taraf\u0131ndan ziyaret edildi. Ziyaret kapsam\u0131nda \u015fehit Mustafa Kozak\u2019\u0131n kabrinde de dualar edildi.<br \/>\n<br \/>Dernek Ba\u015fkan\u0131 Gazi Yusuf K\u0131y\u0131\u015fkan, \u015fehit yak\u0131nlar\u0131 ve kahraman gazilerin kat\u0131ld\u0131\u011f\u0131 ziyarette, ac\u0131n\u0131n en b\u00fcy\u00fc\u011f\u00fcn\u00fc y\u00fcre\u011finde ta\u015f\u0131mas\u0131na ra\u011fmen sabr\u0131, metaneti ve vakur duru\u015fuyla \u015fehidine yak\u0131\u015f\u0131r bir asaleti temsil eden G\u00fcl\u015fen Kozak\u2019\u0131n elini \u00f6perek, \u015fehide duyulan sadakat, vefa ve minnet duygusunu bir kez daha ifade etti.<br \/>\n<br \/>Ziyaret s\u0131ras\u0131nda duygulu anlar ya\u015fan\u0131rken, Ba\u015fkan K\u0131y\u0131\u015fkan, bu topraklar\u0131n bedelinin annelerin dualar\u0131 ve \u015fehitlerin kanlar\u0131yla \u00f6dendi\u011fini belirterek, \u015fehit annesi G\u00fcl\u015fen Kozak\u2019a sab\u0131r, sa\u011fl\u0131k ve huzur temennilerinde bulundu.<br \/>\n<br \/>Dernek Ba\u015fkan\u0131 Gazi Yusuf K\u0131y\u0131\u015fkan, &#8220;\u015eehitlerimizin emanetleri ba\u015f\u0131m\u0131z\u0131n tac\u0131, milletimizin onurudur. Aziz \u015fehitlerimizi hi\u00e7bir zaman unutmad\u0131k, unutmayaca\u011f\u0131z&#8221; dedi.<br \/><\/p>\n","protected":false},"excerpt":{"rendered":"<p>T\u00fcrkiye Harp Malul\u00fc Gaziler \u015eehit Dul ve Yetimleri Derne\u011fi Manisa \u015eubesi taraf\u0131ndan Salihlili \u015fehit Mustafa Kozak mezar\u0131 ba\u015f\u0131nda an\u0131l\u0131rken, annesi G\u00fcl\u015fen Kozak da ziyaret edildi. Manisa\u2019n\u0131n Salihli il\u00e7esinde, vatan u\u011fruna can\u0131n\u0131 feda eden \u015fehit Mustafa Kozak\u2019\u0131n annesi G\u00fcl\u015fen Kozak, T\u00fcrkiye Harp Malul\u00fc Gaziler \u015eehit Dul ve Yetimleri Derne\u011fi Manisa \u015eubesi taraf\u0131ndan ziyaret edildi. Ziyaret kapsam\u0131nda&#8230;<\/p>\n","protected":false},"author":1,"featured_media":80655,"comment_status":"open","ping_status":"open","sticky":false,"template":"","format":"standard","meta":{"_crdt_document":"","footnotes":""},"categories":[123],"tags":[],"class_list":["post-80654","post","type-post","status-publish","format-standard","has-post-thumbnail","hentry","category-gundem"],"_links":{"self":[{"href":"https:\/\/www.egemtv.com\/index.php?rest_route=\/wp\/v2\/posts\/80654","targetHints":{"allow":["GET"]}}],"collection":[{"href":"https:\/\/www.egemtv.com\/index.php?rest_route=\/wp\/v2\/posts"}],"about":[{"href":"https:\/\/www.egemtv.com\/index.php?rest_route=\/wp\/v2\/types\/post"}],"author":[{"embeddable":true,"href":"https:\/\/www.egemtv.com\/index.php?rest_route=\/wp\/v2\/users\/1"}],"replies":[{"embeddable":true,"href":"https:\/\/www.egemtv.com\/index.php?rest_route=%2Fwp%2Fv2%2Fcomments&post=80654"}],"version-history":[{"count":1,"href":"https:\/\/www.egemtv.com\/index.php?rest_route=\/wp\/v2\/posts\/80654\/revisions"}],"predecessor-version":[{"id":80656,"href":"https:\/\/www.egemtv.com\/index.php?rest_route=\/wp\/v2\/posts\/80654\/revisions\/80656"}],"wp:featuredmedia":[{"embeddable":true,"href":"https:\/\/www.egemtv.com\/index.php?rest_route=\/wp\/v2\/media\/80655"}],"wp:attachment":[{"href":"https:\/\/www.egemtv.com\/index.php?rest_route=%2Fwp%2Fv2%2Fmedia&parent=80654"}],"wp:term":[{"taxonomy":"category","embeddable":true,"href":"https:\/\/www.egemtv.com\/index.php?rest_route=%2Fwp%2Fv2%2Fcategories&post=80654"},{"taxonomy":"post_tag","embeddable":true,"href":"https:\/\/www.egemtv.com\/index.php?rest_route=%2Fwp%2Fv2%2Ftags&post=80654"}],"curies":[{"name":"wp","href":"https:\/\/api.w.org\/{rel}","templated":true}]}}