{"id":80651,"date":"2026-01-14T13:14:54","date_gmt":"2026-01-14T10:14:54","guid":{"rendered":"https:\/\/www.egemtv.com\/?p=80651"},"modified":"2026-01-14T13:14:55","modified_gmt":"2026-01-14T10:14:55","slug":"salihlide-minik-ogrenciler-jandarmayi-yakindan-tanidi","status":"publish","type":"post","link":"https:\/\/www.egemtv.com\/?p=80651","title":{"rendered":"Salihli\u2019de minik \u00f6\u011frenciler jandarmay\u0131 yak\u0131ndan tan\u0131d\u0131"},"content":{"rendered":"<p>Manisa \u0130l Jandarma Komutanl\u0131\u011f\u0131\u2019na ba\u011fl\u0131 Salihli \u0130l\u00e7e Jandarma Komutanl\u0131\u011f\u0131 ekipleri, \u00f6\u011frencilere y\u00f6nelik bilgilendirme ve tan\u0131t\u0131m faaliyetlerine devam ediyor.<br \/>\n<br \/>Bu kapsamda Aile \u0130\u00e7i \u015eiddetle M\u00fccadele ve \u00c7ocuk K\u0131s\u0131m Amirli\u011fi ile Poyrazdamlar\u0131 Karakol Komutanl\u0131\u011f\u0131 Jandarma Asayi\u015f Timi, Kemerdamlar\u0131 Mahallesi\u2019nde bulunan Kemerdamlar\u0131 \u0130lkokulu\u2019nu ziyaret etti.<br \/>\n<br \/>Ziyarette jandarma ekipleri taraf\u0131ndan \u00f6\u011frencilere jandarman\u0131n g\u00f6revleri, sorumluluklar\u0131 ve mesle\u011fin \u00f6nemi hakk\u0131nda bilgilendirme yap\u0131ld\u0131. \u00d6\u011frenciler, jandarma hakk\u0131nda merak ettikleri sorular\u0131 sorma f\u0131rsat\u0131 da buldu.<br \/>\n<br \/>Program sonunda jandarma ekipleri, ziyaretin an\u0131s\u0131na minik \u00f6\u011frencilere T\u00fcrk Bayra\u011f\u0131 ve boyama kitab\u0131 hediye etti. \u00d6\u011frencilerin jandarmaya yo\u011fun ilgi g\u00f6sterdi\u011fi etkinlikte renkli g\u00f6r\u00fcnt\u00fcler olu\u015ftu.<br \/>\n<br \/>Salihli \u0130l\u00e7e Jandarma Komutanl\u0131\u011f\u0131\u2019n\u0131n, il\u00e7e genelindeki okullarda jandarma tan\u0131t\u0131m faaliyetlerine devam edece\u011fi \u00f6\u011frenildi.<br \/><\/p>\n","protected":false},"excerpt":{"rendered":"<p>Manisa \u0130l Jandarma Komutanl\u0131\u011f\u0131\u2019na ba\u011fl\u0131 Salihli \u0130l\u00e7e Jandarma Komutanl\u0131\u011f\u0131 ekipleri, \u00f6\u011frencilere y\u00f6nelik bilgilendirme ve tan\u0131t\u0131m faaliyetlerine devam ediyor. Bu kapsamda Aile \u0130\u00e7i \u015eiddetle M\u00fccadele ve \u00c7ocuk K\u0131s\u0131m Amirli\u011fi ile Poyrazdamlar\u0131 Karakol Komutanl\u0131\u011f\u0131 Jandarma Asayi\u015f Timi, Kemerdamlar\u0131 Mahallesi\u2019nde bulunan Kemerdamlar\u0131 \u0130lkokulu\u2019nu ziyaret etti. Ziyarette jandarma ekipleri taraf\u0131ndan \u00f6\u011frencilere jandarman\u0131n g\u00f6revleri, sorumluluklar\u0131 ve mesle\u011fin \u00f6nemi hakk\u0131nda bilgilendirme&#8230;<\/p>\n","protected":false},"author":1,"featured_media":80652,"comment_status":"open","ping_status":"open","sticky":false,"template":"","format":"standard","meta":{"_crdt_document":"","footnotes":""},"categories":[1],"tags":[],"class_list":["post-80651","post","type-post","status-publish","format-standard","has-post-thumbnail","hentry","category-guncel"],"_links":{"self":[{"href":"https:\/\/www.egemtv.com\/index.php?rest_route=\/wp\/v2\/posts\/80651","targetHints":{"allow":["GET"]}}],"collection":[{"href":"https:\/\/www.egemtv.com\/index.php?rest_route=\/wp\/v2\/posts"}],"about":[{"href":"https:\/\/www.egemtv.com\/index.php?rest_route=\/wp\/v2\/types\/post"}],"author":[{"embeddable":true,"href":"https:\/\/www.egemtv.com\/index.php?rest_route=\/wp\/v2\/users\/1"}],"replies":[{"embeddable":true,"href":"https:\/\/www.egemtv.com\/index.php?rest_route=%2Fwp%2Fv2%2Fcomments&post=80651"}],"version-history":[{"count":1,"href":"https:\/\/www.egemtv.com\/index.php?rest_route=\/wp\/v2\/posts\/80651\/revisions"}],"predecessor-version":[{"id":80653,"href":"https:\/\/www.egemtv.com\/index.php?rest_route=\/wp\/v2\/posts\/80651\/revisions\/80653"}],"wp:featuredmedia":[{"embeddable":true,"href":"https:\/\/www.egemtv.com\/index.php?rest_route=\/wp\/v2\/media\/80652"}],"wp:attachment":[{"href":"https:\/\/www.egemtv.com\/index.php?rest_route=%2Fwp%2Fv2%2Fmedia&parent=80651"}],"wp:term":[{"taxonomy":"category","embeddable":true,"href":"https:\/\/www.egemtv.com\/index.php?rest_route=%2Fwp%2Fv2%2Fcategories&post=80651"},{"taxonomy":"post_tag","embeddable":true,"href":"https:\/\/www.egemtv.com\/index.php?rest_route=%2Fwp%2Fv2%2Ftags&post=80651"}],"curies":[{"name":"wp","href":"https:\/\/api.w.org\/{rel}","templated":true}]}}