{"id":80648,"date":"2026-01-14T13:14:53","date_gmt":"2026-01-14T10:14:53","guid":{"rendered":"https:\/\/www.egemtv.com\/?p=80648"},"modified":"2026-01-14T13:14:54","modified_gmt":"2026-01-14T10:14:54","slug":"hapis-cezasiyla-aranan-sahsi-jandarma-yakaladi-6","status":"publish","type":"post","link":"https:\/\/www.egemtv.com\/?p=80648","title":{"rendered":"Hapis cezas\u0131yla aranan \u015fahs\u0131 jandarma yakalad\u0131"},"content":{"rendered":"<p>Afyonkarahisar\u2019da uyu\u015fturucu ticareti su\u00e7undan 12 y\u0131l 6 ay hapis cezas\u0131 ile aranan \u015fah\u0131s jandarma taraf\u0131ndan yakaland\u0131.<br \/>\n<br \/>Edinilen bilgilere g\u00f6re, Afyonkarahisar \u0130l Jandarma Komutanl\u0131\u011f\u0131 taraf\u0131ndan aranan \u015fah\u0131slar\u0131n yakalanmas\u0131na y\u00f6nelik \u00e7al\u0131\u015fma yap\u0131ld\u0131. Yap\u0131lan incelemede T.E., isimli \u015fahs\u0131n uyu\u015fturucu ticareti su\u00e7undan 12 y\u0131l 6 ay hapis cezas\u0131yla arand\u0131\u011f\u0131 tespit edildi. Ard\u0131ndan \u015fahs\u0131n pe\u015fine d\u00fc\u015fen ekipler \u015f\u00fcpheliyi Sand\u0131kl\u0131 il\u00e7esinde yakalayarak g\u00f6zalt\u0131na ald\u0131. \u015eah\u0131s i\u015flemlerinin ard\u0131ndan sevk edildi\u011fi mahkeme taraf\u0131ndan tutuklanarak cezaevine g\u00f6nderildi.<br \/><\/p>\n","protected":false},"excerpt":{"rendered":"<p>Afyonkarahisar\u2019da uyu\u015fturucu ticareti su\u00e7undan 12 y\u0131l 6 ay hapis cezas\u0131 ile aranan \u015fah\u0131s jandarma taraf\u0131ndan yakaland\u0131. Edinilen bilgilere g\u00f6re, Afyonkarahisar \u0130l Jandarma Komutanl\u0131\u011f\u0131 taraf\u0131ndan aranan \u015fah\u0131slar\u0131n yakalanmas\u0131na y\u00f6nelik \u00e7al\u0131\u015fma yap\u0131ld\u0131. Yap\u0131lan incelemede T.E., isimli \u015fahs\u0131n uyu\u015fturucu ticareti su\u00e7undan 12 y\u0131l 6 ay hapis cezas\u0131yla arand\u0131\u011f\u0131 tespit edildi. Ard\u0131ndan \u015fahs\u0131n pe\u015fine d\u00fc\u015fen ekipler \u015f\u00fcpheliyi Sand\u0131kl\u0131 il\u00e7esinde&#8230;<\/p>\n","protected":false},"author":1,"featured_media":80649,"comment_status":"open","ping_status":"open","sticky":false,"template":"","format":"standard","meta":{"_crdt_document":"","footnotes":""},"categories":[5],"tags":[],"class_list":["post-80648","post","type-post","status-publish","format-standard","has-post-thumbnail","hentry","category-asayis"],"_links":{"self":[{"href":"https:\/\/www.egemtv.com\/index.php?rest_route=\/wp\/v2\/posts\/80648","targetHints":{"allow":["GET"]}}],"collection":[{"href":"https:\/\/www.egemtv.com\/index.php?rest_route=\/wp\/v2\/posts"}],"about":[{"href":"https:\/\/www.egemtv.com\/index.php?rest_route=\/wp\/v2\/types\/post"}],"author":[{"embeddable":true,"href":"https:\/\/www.egemtv.com\/index.php?rest_route=\/wp\/v2\/users\/1"}],"replies":[{"embeddable":true,"href":"https:\/\/www.egemtv.com\/index.php?rest_route=%2Fwp%2Fv2%2Fcomments&post=80648"}],"version-history":[{"count":1,"href":"https:\/\/www.egemtv.com\/index.php?rest_route=\/wp\/v2\/posts\/80648\/revisions"}],"predecessor-version":[{"id":80650,"href":"https:\/\/www.egemtv.com\/index.php?rest_route=\/wp\/v2\/posts\/80648\/revisions\/80650"}],"wp:featuredmedia":[{"embeddable":true,"href":"https:\/\/www.egemtv.com\/index.php?rest_route=\/wp\/v2\/media\/80649"}],"wp:attachment":[{"href":"https:\/\/www.egemtv.com\/index.php?rest_route=%2Fwp%2Fv2%2Fmedia&parent=80648"}],"wp:term":[{"taxonomy":"category","embeddable":true,"href":"https:\/\/www.egemtv.com\/index.php?rest_route=%2Fwp%2Fv2%2Fcategories&post=80648"},{"taxonomy":"post_tag","embeddable":true,"href":"https:\/\/www.egemtv.com\/index.php?rest_route=%2Fwp%2Fv2%2Ftags&post=80648"}],"curies":[{"name":"wp","href":"https:\/\/api.w.org\/{rel}","templated":true}]}}