{"id":80642,"date":"2026-01-14T13:14:51","date_gmt":"2026-01-14T10:14:51","guid":{"rendered":"https:\/\/www.egemtv.com\/?p=80642"},"modified":"2026-01-14T13:14:52","modified_gmt":"2026-01-14T10:14:52","slug":"minibus-ile-otomobil-carpisti-1-yarali","status":"publish","type":"post","link":"https:\/\/www.egemtv.com\/?p=80642","title":{"rendered":"Minib\u00fcs ile otomobil \u00e7arp\u0131\u015ft\u0131: 1 yaral\u0131"},"content":{"rendered":"<p>Ayd\u0131n\u2019\u0131n Efeler il\u00e7esinde seyir halindeyken \u00f6n\u00fcndeki minib\u00fcs ile otomobilin \u00e7arp\u0131\u015fmas\u0131 sonucu meydana gelen kazada 1 ki\u015fi yaraland\u0131.<\/p>\n<p>Kaza, Efeler il\u00e7esi \u0130zmir Bulvar\u0131 \u00fczerinde meydana geldi. Edinilen bilgiye g\u00f6re \u0130zmir y\u00f6n\u00fcnde seyir halindeyken Y.T. idaresindeki 09 M 0345 plakal\u0131 minib\u00fcs ile M.C.Y. idaresindeki 09 AJP 477 plakal\u0131 otomobil \u00e7arp\u0131\u015ft\u0131. \u00c7arp\u0131\u015fman\u0131n etkisiyle ref\u00fcje savrulan otomobilin s\u00fcr\u00fcc\u00fcs\u00fc yaraland\u0131. Kazay\u0131 g\u00f6renler durumu 112 Acil \u00c7a\u011fr\u0131 Merkezi\u2019ne bildirdi. \u0130hbar \u00fczerine b\u00f6lgeye polis, itfaiye ve sa\u011fl\u0131k ekipleri sevk edildi. K\u0131sa s\u00fcrede b\u00f6lgeye gelen ekipler, ilk m\u00fcdahalenin ard\u0131ndan yaral\u0131 s\u00fcr\u00fcc\u00fcy\u00fc ambulansla hastaneye kald\u0131rd\u0131. Yaral\u0131n\u0131n hayati tehlikesinin bulunmad\u0131\u011f\u0131 \u00f6\u011frenilirken, kaza ile ilgili inceleme ba\u015flat\u0131ld\u0131.<br \/><\/p>\n","protected":false},"excerpt":{"rendered":"<p>Ayd\u0131n\u2019\u0131n Efeler il\u00e7esinde seyir halindeyken \u00f6n\u00fcndeki minib\u00fcs ile otomobilin \u00e7arp\u0131\u015fmas\u0131 sonucu meydana gelen kazada 1 ki\u015fi yaraland\u0131. Kaza, Efeler il\u00e7esi \u0130zmir Bulvar\u0131 \u00fczerinde meydana geldi. Edinilen bilgiye g\u00f6re \u0130zmir y\u00f6n\u00fcnde seyir halindeyken Y.T. idaresindeki 09 M 0345 plakal\u0131 minib\u00fcs ile M.C.Y. idaresindeki 09 AJP 477 plakal\u0131 otomobil \u00e7arp\u0131\u015ft\u0131. \u00c7arp\u0131\u015fman\u0131n etkisiyle ref\u00fcje savrulan otomobilin s\u00fcr\u00fcc\u00fcs\u00fc yaraland\u0131&#8230;.<\/p>\n","protected":false},"author":1,"featured_media":80643,"comment_status":"open","ping_status":"open","sticky":false,"template":"","format":"standard","meta":{"_crdt_document":"","footnotes":""},"categories":[5],"tags":[],"class_list":["post-80642","post","type-post","status-publish","format-standard","has-post-thumbnail","hentry","category-asayis"],"_links":{"self":[{"href":"https:\/\/www.egemtv.com\/index.php?rest_route=\/wp\/v2\/posts\/80642","targetHints":{"allow":["GET"]}}],"collection":[{"href":"https:\/\/www.egemtv.com\/index.php?rest_route=\/wp\/v2\/posts"}],"about":[{"href":"https:\/\/www.egemtv.com\/index.php?rest_route=\/wp\/v2\/types\/post"}],"author":[{"embeddable":true,"href":"https:\/\/www.egemtv.com\/index.php?rest_route=\/wp\/v2\/users\/1"}],"replies":[{"embeddable":true,"href":"https:\/\/www.egemtv.com\/index.php?rest_route=%2Fwp%2Fv2%2Fcomments&post=80642"}],"version-history":[{"count":1,"href":"https:\/\/www.egemtv.com\/index.php?rest_route=\/wp\/v2\/posts\/80642\/revisions"}],"predecessor-version":[{"id":80644,"href":"https:\/\/www.egemtv.com\/index.php?rest_route=\/wp\/v2\/posts\/80642\/revisions\/80644"}],"wp:featuredmedia":[{"embeddable":true,"href":"https:\/\/www.egemtv.com\/index.php?rest_route=\/wp\/v2\/media\/80643"}],"wp:attachment":[{"href":"https:\/\/www.egemtv.com\/index.php?rest_route=%2Fwp%2Fv2%2Fmedia&parent=80642"}],"wp:term":[{"taxonomy":"category","embeddable":true,"href":"https:\/\/www.egemtv.com\/index.php?rest_route=%2Fwp%2Fv2%2Fcategories&post=80642"},{"taxonomy":"post_tag","embeddable":true,"href":"https:\/\/www.egemtv.com\/index.php?rest_route=%2Fwp%2Fv2%2Ftags&post=80642"}],"curies":[{"name":"wp","href":"https:\/\/api.w.org\/{rel}","templated":true}]}}