{"id":80639,"date":"2026-01-14T12:54:48","date_gmt":"2026-01-14T09:54:48","guid":{"rendered":"https:\/\/www.egemtv.com\/?p=80639"},"modified":"2026-01-14T12:54:48","modified_gmt":"2026-01-14T09:54:48","slug":"dto-baskani-erdogan-2026-heimtextil-fuarinda-denizlili-firmalari-yalniz-birakmadi","status":"publish","type":"post","link":"https:\/\/www.egemtv.com\/?p=80639","title":{"rendered":"DTO Ba\u015fkan\u0131 Erdo\u011fan, 2026 Heimtextil Fuar\u0131nda Denizlili firmalar\u0131 yaln\u0131z b\u0131rakmad\u0131"},"content":{"rendered":"<p>Ev tekstili sekt\u00f6r\u00fcnde d\u00fcnyan\u0131n en \u00f6nemli fuarlar\u0131 aras\u0131nda kabul edilen Heimtextil Fuar\u0131na kat\u0131lan Denizlili firmalar\u0131 yaln\u0131z b\u0131rakmayan DTO Ba\u015fkan\u0131 U\u011fur Erdo\u011fan, &#8220;2026 y\u0131l\u0131n\u0131 d\u00fc\u015f\u00fck faiz oranlar\u0131yla ve d\u00fc\u015f\u00fck enflasyonla ilerlese tekstil sekt\u00f6r\u00fcndeki i\u015flerimizin daha iyi noktaya gelece\u011fine inan\u0131yoruz&#8221; dedi.<\/p>\n<p>Almanya\u2019n\u0131n Frankfurt kentinde d\u00fczenlenen ve ev tekstili sekt\u00f6r\u00fcnde d\u00fcnyan\u0131n \u00f6nemli fuarlar\u0131 aras\u0131nda yer alan Heimtextil Fuar\u0131 kap\u0131lar\u0131n\u0131 ziyaret\u00e7ilerine a\u00e7t\u0131. D\u00fcnyan\u0131n d\u00f6rt bir yan\u0131ndan sekt\u00f6r temsilcileri ve kat\u0131l\u0131mc\u0131lar\u0131 a\u011f\u0131rlayacak olan fuarda stant a\u00e7an 57 Denizli firmas\u0131, T\u00fcrk havlusu ve ev tekstili \u00fcr\u00fcnlerinin tan\u0131t\u0131m\u0131n\u0131 yap\u0131yor. Ge\u00e7ti\u011fimiz y\u0131llarda oldu\u011fu gibi bu y\u0131lda Denizlili firmalar\u0131 d\u00fcnyan\u0131n en \u00f6nemli fuarlar\u0131ndan birisi olan Heimtextil\u2019de Denizli Ticaret Odas\u0131 (DTO) Ba\u015fkan\u0131 U\u011fur Erdo\u011fan yaln\u0131z b\u0131rakmayarak firmalar\u0131n yan\u0131nda oldu.<\/p>\n<p>Fuarda yapt\u0131\u011f\u0131 a\u00e7\u0131klamada, Heimtextil Fuar\u0131 Denizli ve T\u00fcrkiye a\u00e7\u0131s\u0131ndan \u00e7ok \u00f6nemli bir fuar oldu\u011funu ifade eden Denizli Ticaret Odas\u0131 Ba\u015fkan\u0131 U\u011fur Erdo\u011fan, &#8220;Bu y\u00fczden her y\u0131l d\u00fczenli olarak fuarlara kat\u0131l\u0131m sa\u011fl\u0131yoruz. \u00dcreticimizin ve ihracat\u00e7\u0131m\u0131z\u0131n yan\u0131nda olmaya devam ediyoruz. Bu y\u0131l fuara toplamda 57 tane firmam\u0131zla kat\u0131l\u0131m sa\u011flad\u0131k. Fuara kat\u0131l\u0131m amac\u0131m\u0131z ithalat\u0131 artt\u0131rmak, \u00fcreticimizin sat\u0131\u015flar\u0131n\u0131 artt\u0131rmak ve vatanda\u015flar\u0131m\u0131za istihdam olu\u015fturmak. Bunun i\u00e7inde el birli\u011fi ile \u00e7al\u0131\u015f\u0131yoruz. Fuarlar bizler i\u00e7in \u00e7ok \u00f6nemli. Denizli Ticaret Odas\u0131 olarak bizler bir \u00e7ok farkl\u0131 sekt\u00f6rde d\u00fcnyan\u0131n d\u00f6rt bir taraf\u0131ndaki fuarlar\u0131 kat\u0131larak \u00fclke ekonomisine ve ihracata destek verme gayreti ve \u00e7abas\u0131 i\u00e7erisindeyiz. Bug\u00fcnde burada bunlardan birsini ger\u00e7ekle\u015ftirdik&#8221; \u015feklinde konu\u015ftu.<\/p>\n<p>Fuara kat\u0131lan firmalar\u0131n umutlu oldu\u011funu s\u00f6yleyen DTO Ba\u015fkan\u0131 Erdo\u011fan, &#8220;Heimtextil Fuar\u0131na kat\u0131lan 57 firmam\u0131z beklentilerinin kar\u015f\u0131land\u0131\u011f\u0131n\u0131 ifade ettiler. \u0130n\u015fallah fuar sonras\u0131nda bu g\u00f6r\u00fc\u015fmelerin sipari\u015fe d\u00f6n\u00fc\u015fmesiyle 2026 y\u0131l\u0131nda sat\u0131\u015flar\u0131m\u0131z ve istihdam\u0131m\u0131z artacak ve 2026 y\u0131l\u0131nda b\u00fcy\u00fcmeyle iyi bir \u015fekilde ge\u00e7irece\u011fiz&#8221; ifadelerini kulland\u0131.<\/p>\n<p>D\u00fcnya pazar\u0131nda rekabet edebilme g\u00fc\u00e7lerinin artmas\u0131 i\u00e7in firmalar\u0131n bir tak\u0131m isteklerinin oldu\u011funu belirten DTO Ba\u015fkan\u0131 Erdo\u011fan, &#8220;Girdi maliyetlerinin y\u00fcksek olmas\u0131ndan dolay\u0131 rekabet etme g\u00fc\u00e7lerinin d\u00fc\u015f\u00fck oldu\u011funu ifade ediyorlar. D\u00f6viz kurlar\u0131 ile ilgili ithalat\u00e7\u0131 firmalar\u0131m\u0131z\u0131n d\u00f6viz bozdurma deste\u011fini y\u00fczde 2\u2019den y\u00fczde 3\u2019e \u00e7\u0131kartm\u0131\u015ft\u0131k. Bu rakamlar\u0131n yetmedi\u011fi ve y\u00fczde 5\u2019lere \u00e7\u0131kmas\u0131 gerekti\u011fi konusunda talepleri var. Bizlerde Ticaret Odas\u0131 olarak fuar sonras\u0131nda Merkez Bankas\u0131 Ba\u015fkan\u0131m\u0131zla ve ilgili bakanl\u0131klarla g\u00f6r\u00fc\u015ferek bu say\u0131lar\u0131n artt\u0131r\u0131lmas\u0131n\u0131 konusunda \u00e7al\u0131\u015fmalara ba\u015flayaca\u011f\u0131z. Bu konulardaki iyile\u015fmenin gerekli oldu\u011funu d\u00fc\u015f\u00fcn\u00fcyoruz. Yine bildi\u011fimiz gibi y\u00fcksek faiz ve enflasyonda a\u015fa\u011f\u0131 ini\u015fler ba\u015flad\u0131. 2026 y\u0131l\u0131n\u0131 d\u00fc\u015f\u00fck faiz oranlar\u0131yla ve d\u00fc\u015f\u00fck enflasyonla ilerlese tekstil sekt\u00f6r\u00fcndeki i\u015flerimizin daha iyi noktaya gelece\u011fine \u00f6ng\u00f6rmekteyiz&#8221; dedi.<br \/><\/p>\n","protected":false},"excerpt":{"rendered":"<p>Ev tekstili sekt\u00f6r\u00fcnde d\u00fcnyan\u0131n en \u00f6nemli fuarlar\u0131 aras\u0131nda kabul edilen Heimtextil Fuar\u0131na kat\u0131lan Denizlili firmalar\u0131 yaln\u0131z b\u0131rakmayan DTO Ba\u015fkan\u0131 U\u011fur Erdo\u011fan, &#8220;2026 y\u0131l\u0131n\u0131 d\u00fc\u015f\u00fck faiz oranlar\u0131yla ve d\u00fc\u015f\u00fck enflasyonla ilerlese tekstil sekt\u00f6r\u00fcndeki i\u015flerimizin daha iyi noktaya gelece\u011fine inan\u0131yoruz&#8221; dedi. Almanya\u2019n\u0131n Frankfurt kentinde d\u00fczenlenen ve ev tekstili sekt\u00f6r\u00fcnde d\u00fcnyan\u0131n \u00f6nemli fuarlar\u0131 aras\u0131nda yer alan Heimtextil Fuar\u0131&#8230;<\/p>\n","protected":false},"author":1,"featured_media":80640,"comment_status":"open","ping_status":"open","sticky":false,"template":"","format":"standard","meta":{"_crdt_document":"","footnotes":""},"categories":[125],"tags":[],"class_list":["post-80639","post","type-post","status-publish","format-standard","has-post-thumbnail","hentry","category-ekonomi"],"_links":{"self":[{"href":"https:\/\/www.egemtv.com\/index.php?rest_route=\/wp\/v2\/posts\/80639","targetHints":{"allow":["GET"]}}],"collection":[{"href":"https:\/\/www.egemtv.com\/index.php?rest_route=\/wp\/v2\/posts"}],"about":[{"href":"https:\/\/www.egemtv.com\/index.php?rest_route=\/wp\/v2\/types\/post"}],"author":[{"embeddable":true,"href":"https:\/\/www.egemtv.com\/index.php?rest_route=\/wp\/v2\/users\/1"}],"replies":[{"embeddable":true,"href":"https:\/\/www.egemtv.com\/index.php?rest_route=%2Fwp%2Fv2%2Fcomments&post=80639"}],"version-history":[{"count":1,"href":"https:\/\/www.egemtv.com\/index.php?rest_route=\/wp\/v2\/posts\/80639\/revisions"}],"predecessor-version":[{"id":80641,"href":"https:\/\/www.egemtv.com\/index.php?rest_route=\/wp\/v2\/posts\/80639\/revisions\/80641"}],"wp:featuredmedia":[{"embeddable":true,"href":"https:\/\/www.egemtv.com\/index.php?rest_route=\/wp\/v2\/media\/80640"}],"wp:attachment":[{"href":"https:\/\/www.egemtv.com\/index.php?rest_route=%2Fwp%2Fv2%2Fmedia&parent=80639"}],"wp:term":[{"taxonomy":"category","embeddable":true,"href":"https:\/\/www.egemtv.com\/index.php?rest_route=%2Fwp%2Fv2%2Fcategories&post=80639"},{"taxonomy":"post_tag","embeddable":true,"href":"https:\/\/www.egemtv.com\/index.php?rest_route=%2Fwp%2Fv2%2Ftags&post=80639"}],"curies":[{"name":"wp","href":"https:\/\/api.w.org\/{rel}","templated":true}]}}