{"id":80633,"date":"2026-01-14T12:54:46","date_gmt":"2026-01-14T09:54:46","guid":{"rendered":"https:\/\/www.egemtv.com\/?p=80633"},"modified":"2026-01-14T12:54:47","modified_gmt":"2026-01-14T09:54:47","slug":"gorme-engelli-bireyler-bu-kursta-hem-sosyallesiyor-hem-de-gunluk-hayatlarini-kolaylastiriyor","status":"publish","type":"post","link":"https:\/\/www.egemtv.com\/?p=80633","title":{"rendered":"G\u00f6rme engelli bireyler bu kursta hem sosyalle\u015fiyor hem de g\u00fcnl\u00fck hayatlar\u0131n\u0131 kolayla\u015ft\u0131r\u0131yor"},"content":{"rendered":"<p>Alt\u0131 Nokta K\u00f6rler Derne\u011fi Denizli \u015eubesi\u2019nin giri\u015fimleriyle Pamukkale Halk E\u011fitim Merkezi b\u00fcnyesinde g\u00f6rme engelli bireylere y\u00f6nelik Beyaz Baston Kullan\u0131m\u0131 ve Ba\u011f\u0131ms\u0131z Hareket Kursu a\u00e7\u0131ld\u0131. Kurs, kat\u0131l\u0131mc\u0131lar taraf\u0131ndan b\u00fcy\u00fck memnuniyetle kar\u015f\u0131land\u0131.<\/p>\n<p>G\u00f6rme engellilerin g\u00fcnl\u00fck ya\u015famda g\u00fcvenli ve ba\u011f\u0131ms\u0131z hareket edebilmesini ama\u00e7layan e\u011fitimler, Denizli G\u00f6rme Engelliler Ortaokulu\u2019nda g\u00f6revli \u00d6zel E\u011fitim \u00d6\u011fretmeni Aytekin Kokulu taraf\u0131ndan hem kapal\u0131 alanlarda hem de a\u00e7\u0131k alanlarda birebir uygulamal\u0131 olarak veriliyor. Alt\u0131 Nokta K\u00f6rler Derne\u011fi Denizli \u015eube Ba\u015fkan\u0131 Kamil Ay, Kas\u0131m ay\u0131nda ba\u015flayan kursun \u015eubat ay\u0131 sonuna kadar devam edece\u011fini, talep olmas\u0131 h\u00e2linde yeni kurslar\u0131n da a\u00e7\u0131laca\u011f\u0131n\u0131 ifade etti. Kurs kapsam\u0131nda beyaz baston kullan\u0131m\u0131, bina i\u00e7inde g\u00fcvenli hareket, kald\u0131r\u0131mda y\u00fcr\u00fcy\u00fc\u015f, kar\u015f\u0131dan kar\u015f\u0131ya ge\u00e7me, al\u0131\u015fveri\u015fte dikkat edilmesi gerekenler ve d\u00fc\u015fen e\u015fyalar\u0131n bulunmas\u0131 gibi g\u00fcnl\u00fck ya\u015fam becerileri \u00f6\u011fretiliyor.<\/p>\n<p>Kursa kat\u0131lan g\u00f6rme engelli bireyler, e\u011fitimin hem ba\u011f\u0131ms\u0131z hareket etmelerine katk\u0131 sa\u011flad\u0131\u011f\u0131n\u0131 hem de sosyalle\u015fme ve dayan\u0131\u015fmay\u0131 g\u00fc\u00e7lendirdi\u011fini belirterek memnuniyetlerini dile getirdi.<br \/><\/p>\n","protected":false},"excerpt":{"rendered":"<p>Alt\u0131 Nokta K\u00f6rler Derne\u011fi Denizli \u015eubesi\u2019nin giri\u015fimleriyle Pamukkale Halk E\u011fitim Merkezi b\u00fcnyesinde g\u00f6rme engelli bireylere y\u00f6nelik Beyaz Baston Kullan\u0131m\u0131 ve Ba\u011f\u0131ms\u0131z Hareket Kursu a\u00e7\u0131ld\u0131. Kurs, kat\u0131l\u0131mc\u0131lar taraf\u0131ndan b\u00fcy\u00fck memnuniyetle kar\u015f\u0131land\u0131. G\u00f6rme engellilerin g\u00fcnl\u00fck ya\u015famda g\u00fcvenli ve ba\u011f\u0131ms\u0131z hareket edebilmesini ama\u00e7layan e\u011fitimler, Denizli G\u00f6rme Engelliler Ortaokulu\u2019nda g\u00f6revli \u00d6zel E\u011fitim \u00d6\u011fretmeni Aytekin Kokulu taraf\u0131ndan hem kapal\u0131 alanlarda&#8230;<\/p>\n","protected":false},"author":1,"featured_media":80634,"comment_status":"open","ping_status":"open","sticky":false,"template":"","format":"standard","meta":{"_crdt_document":"","footnotes":""},"categories":[1],"tags":[],"class_list":["post-80633","post","type-post","status-publish","format-standard","has-post-thumbnail","hentry","category-guncel"],"_links":{"self":[{"href":"https:\/\/www.egemtv.com\/index.php?rest_route=\/wp\/v2\/posts\/80633","targetHints":{"allow":["GET"]}}],"collection":[{"href":"https:\/\/www.egemtv.com\/index.php?rest_route=\/wp\/v2\/posts"}],"about":[{"href":"https:\/\/www.egemtv.com\/index.php?rest_route=\/wp\/v2\/types\/post"}],"author":[{"embeddable":true,"href":"https:\/\/www.egemtv.com\/index.php?rest_route=\/wp\/v2\/users\/1"}],"replies":[{"embeddable":true,"href":"https:\/\/www.egemtv.com\/index.php?rest_route=%2Fwp%2Fv2%2Fcomments&post=80633"}],"version-history":[{"count":1,"href":"https:\/\/www.egemtv.com\/index.php?rest_route=\/wp\/v2\/posts\/80633\/revisions"}],"predecessor-version":[{"id":80635,"href":"https:\/\/www.egemtv.com\/index.php?rest_route=\/wp\/v2\/posts\/80633\/revisions\/80635"}],"wp:featuredmedia":[{"embeddable":true,"href":"https:\/\/www.egemtv.com\/index.php?rest_route=\/wp\/v2\/media\/80634"}],"wp:attachment":[{"href":"https:\/\/www.egemtv.com\/index.php?rest_route=%2Fwp%2Fv2%2Fmedia&parent=80633"}],"wp:term":[{"taxonomy":"category","embeddable":true,"href":"https:\/\/www.egemtv.com\/index.php?rest_route=%2Fwp%2Fv2%2Fcategories&post=80633"},{"taxonomy":"post_tag","embeddable":true,"href":"https:\/\/www.egemtv.com\/index.php?rest_route=%2Fwp%2Fv2%2Ftags&post=80633"}],"curies":[{"name":"wp","href":"https:\/\/api.w.org\/{rel}","templated":true}]}}