{"id":80630,"date":"2026-01-14T12:34:49","date_gmt":"2026-01-14T09:34:49","guid":{"rendered":"https:\/\/www.egemtv.com\/?p=80630"},"modified":"2026-01-14T12:34:50","modified_gmt":"2026-01-14T09:34:50","slug":"bozdogan-belediyesinden-madran-mahallesinde-kapsamli-temizlik-calismasi","status":"publish","type":"post","link":"https:\/\/www.egemtv.com\/?p=80630","title":{"rendered":"Bozdo\u011fan Belediyesi\u2019nden Madran Mahallesi\u2019nde kapsaml\u0131 temizlik \u00e7al\u0131\u015fmas\u0131"},"content":{"rendered":"<p>Bozdo\u011fan Belediyesi, il\u00e7enin ya\u015fam kalitesini art\u0131rmaya y\u00f6nelik \u00e7al\u0131\u015fmalar\u0131n\u0131 Madran Mahallesi\u2019nde ger\u00e7ekle\u015ftirdi\u011fi kapsaml\u0131 temizlik seferberli\u011fiyle s\u00fcrd\u00fcrd\u00fc.<br \/>\n<br \/>Ya\u011fmur sonras\u0131 Fen \u0130\u015fleri ile Temizlik \u0130\u015fleri M\u00fcd\u00fcrl\u00fc\u011f\u00fc ekiplerinin koordineli \u00e7al\u0131\u015fmas\u0131yla mahallede su arklar\u0131 ve ya\u011fmur oluklar\u0131 ba\u015fta olmak \u00fczere mahalle genelinde detayl\u0131 temizlik yap\u0131ld\u0131.<br \/>\n<br \/>Planl\u0131 bir \u015fekilde y\u00fcr\u00fct\u00fclen \u00e7al\u0131\u015fmalarla hem \u00e7evre sa\u011fl\u0131\u011f\u0131 g\u00fc\u00e7lendirildi hem de mahalle genelinde daha d\u00fczenli bir g\u00f6r\u00fcn\u00fcm sa\u011fland\u0131. Bozdo\u011fan Belediyesi\u2019nin sahadaki etkin \u00e7al\u0131\u015fmas\u0131, vatanda\u015flar taraf\u0131ndan da memnuniyetle kar\u015f\u0131land\u0131.<br \/>\n<br \/>Madran Mahallesi Muhtar\u0131 Bekir \u00c7amdipli, yap\u0131lan hizmetten dolay\u0131 Bozdo\u011fan Belediye Ba\u015fkan\u0131 Mustafa Galip \u00d6zel ve emek veren t\u00fcm belediye personeline te\u015fekk\u00fcr ederek, &#8220;Yap\u0131lan \u00e7al\u0131\u015fmalar ve Mahallemizin ihtiya\u00e7lar\u0131na duyarl\u0131l\u0131kla yakla\u015fan belediyemize ve ekiplerimize te\u015fekk\u00fcr ediyorum&#8221; dedi.<br \/>\n<br \/>Bozdo\u011fan Belediyesi, temiz, d\u00fczenli ve ya\u015fanabilir bir kent hedefi do\u011frultusunda t\u00fcm mahallelerde \u00e7al\u0131\u015fmalar\u0131n\u0131 kararl\u0131l\u0131kla s\u00fcrd\u00fcrmeye devam ediyor.<br \/><\/p>\n","protected":false},"excerpt":{"rendered":"<p>Bozdo\u011fan Belediyesi, il\u00e7enin ya\u015fam kalitesini art\u0131rmaya y\u00f6nelik \u00e7al\u0131\u015fmalar\u0131n\u0131 Madran Mahallesi\u2019nde ger\u00e7ekle\u015ftirdi\u011fi kapsaml\u0131 temizlik seferberli\u011fiyle s\u00fcrd\u00fcrd\u00fc. Ya\u011fmur sonras\u0131 Fen \u0130\u015fleri ile Temizlik \u0130\u015fleri M\u00fcd\u00fcrl\u00fc\u011f\u00fc ekiplerinin koordineli \u00e7al\u0131\u015fmas\u0131yla mahallede su arklar\u0131 ve ya\u011fmur oluklar\u0131 ba\u015fta olmak \u00fczere mahalle genelinde detayl\u0131 temizlik yap\u0131ld\u0131. Planl\u0131 bir \u015fekilde y\u00fcr\u00fct\u00fclen \u00e7al\u0131\u015fmalarla hem \u00e7evre sa\u011fl\u0131\u011f\u0131 g\u00fc\u00e7lendirildi hem de mahalle genelinde daha d\u00fczenli&#8230;<\/p>\n","protected":false},"author":1,"featured_media":80631,"comment_status":"open","ping_status":"open","sticky":false,"template":"","format":"standard","meta":{"_crdt_document":"","footnotes":""},"categories":[1],"tags":[],"class_list":["post-80630","post","type-post","status-publish","format-standard","has-post-thumbnail","hentry","category-guncel"],"_links":{"self":[{"href":"https:\/\/www.egemtv.com\/index.php?rest_route=\/wp\/v2\/posts\/80630","targetHints":{"allow":["GET"]}}],"collection":[{"href":"https:\/\/www.egemtv.com\/index.php?rest_route=\/wp\/v2\/posts"}],"about":[{"href":"https:\/\/www.egemtv.com\/index.php?rest_route=\/wp\/v2\/types\/post"}],"author":[{"embeddable":true,"href":"https:\/\/www.egemtv.com\/index.php?rest_route=\/wp\/v2\/users\/1"}],"replies":[{"embeddable":true,"href":"https:\/\/www.egemtv.com\/index.php?rest_route=%2Fwp%2Fv2%2Fcomments&post=80630"}],"version-history":[{"count":1,"href":"https:\/\/www.egemtv.com\/index.php?rest_route=\/wp\/v2\/posts\/80630\/revisions"}],"predecessor-version":[{"id":80632,"href":"https:\/\/www.egemtv.com\/index.php?rest_route=\/wp\/v2\/posts\/80630\/revisions\/80632"}],"wp:featuredmedia":[{"embeddable":true,"href":"https:\/\/www.egemtv.com\/index.php?rest_route=\/wp\/v2\/media\/80631"}],"wp:attachment":[{"href":"https:\/\/www.egemtv.com\/index.php?rest_route=%2Fwp%2Fv2%2Fmedia&parent=80630"}],"wp:term":[{"taxonomy":"category","embeddable":true,"href":"https:\/\/www.egemtv.com\/index.php?rest_route=%2Fwp%2Fv2%2Fcategories&post=80630"},{"taxonomy":"post_tag","embeddable":true,"href":"https:\/\/www.egemtv.com\/index.php?rest_route=%2Fwp%2Fv2%2Ftags&post=80630"}],"curies":[{"name":"wp","href":"https:\/\/api.w.org\/{rel}","templated":true}]}}