{"id":80627,"date":"2026-01-14T12:34:48","date_gmt":"2026-01-14T09:34:48","guid":{"rendered":"https:\/\/www.egemtv.com\/?p=80627"},"modified":"2026-01-14T12:34:49","modified_gmt":"2026-01-14T09:34:49","slug":"emette-tarimsal-kalkinma-kooperatifine-3-bin-litre-kapasiteli-sut-sogutma-tanki","status":"publish","type":"post","link":"https:\/\/www.egemtv.com\/?p=80627","title":{"rendered":"Emet\u2019te Tar\u0131msal Kalk\u0131nma Kooperatifine 3 bin litre kapasiteli s\u00fct so\u011futma tank\u0131"},"content":{"rendered":"<p>K\u00fctahya \u0130l \u00d6zel \u0130daresi ile K\u00fctahya \u0130l Tar\u0131m ve Orman M\u00fcd\u00fcrl\u00fc\u011f\u00fc koordinesinde temin edilen 3 bin litre kapasiteli s\u00fct so\u011futma tank\u0131, Emet il\u00e7esine ba\u011fl\u0131 G\u00fcrp\u0131nar K\u00f6y\u00fc Tar\u0131msal Kalk\u0131nma Kooperatifine teslim edildi.<br \/>\n<br \/>\u0130l\u00e7e Tar\u0131m ve Orman M\u00fcd\u00fcrl\u00fc\u011f\u00fc taraf\u0131ndan ger\u00e7ekle\u015ftirilen teslimle birlikte, kooperatif b\u00fcnyesinde faaliyet g\u00f6steren 82 s\u00fct \u00fcreticisi modern so\u011futma imk\u00e2n\u0131na kavu\u015ftu. Yetkililer, yeni tank sayesinde s\u00fct\u00fcn hijyen \u015fartlar\u0131nda muhafaza edilece\u011fini, kalite kay\u0131plar\u0131n\u0131n \u00f6n\u00fcne ge\u00e7ilece\u011fini ve so\u011futulmu\u015f s\u00fctle pazarlama imk\u00e2nlar\u0131n\u0131n \u00f6nemli \u00f6l\u00e7\u00fcde artaca\u011f\u0131n\u0131 ifade etti.<br \/>\n<br \/>Projenin, b\u00f6lgede hayvanc\u0131l\u0131\u011f\u0131n geli\u015ftirilmesine ve \u00fcreticilerin gelir d\u00fczeyinin y\u00fckseltilmesine katk\u0131 sa\u011flamas\u0131 hedefleniyor.<br \/><\/p>\n","protected":false},"excerpt":{"rendered":"<p>K\u00fctahya \u0130l \u00d6zel \u0130daresi ile K\u00fctahya \u0130l Tar\u0131m ve Orman M\u00fcd\u00fcrl\u00fc\u011f\u00fc koordinesinde temin edilen 3 bin litre kapasiteli s\u00fct so\u011futma tank\u0131, Emet il\u00e7esine ba\u011fl\u0131 G\u00fcrp\u0131nar K\u00f6y\u00fc Tar\u0131msal Kalk\u0131nma Kooperatifine teslim edildi. \u0130l\u00e7e Tar\u0131m ve Orman M\u00fcd\u00fcrl\u00fc\u011f\u00fc taraf\u0131ndan ger\u00e7ekle\u015ftirilen teslimle birlikte, kooperatif b\u00fcnyesinde faaliyet g\u00f6steren 82 s\u00fct \u00fcreticisi modern so\u011futma imk\u00e2n\u0131na kavu\u015ftu. Yetkililer, yeni tank sayesinde&#8230;<\/p>\n","protected":false},"author":1,"featured_media":80628,"comment_status":"open","ping_status":"open","sticky":false,"template":"","format":"standard","meta":{"_crdt_document":"","footnotes":""},"categories":[125],"tags":[],"class_list":["post-80627","post","type-post","status-publish","format-standard","has-post-thumbnail","hentry","category-ekonomi"],"_links":{"self":[{"href":"https:\/\/www.egemtv.com\/index.php?rest_route=\/wp\/v2\/posts\/80627","targetHints":{"allow":["GET"]}}],"collection":[{"href":"https:\/\/www.egemtv.com\/index.php?rest_route=\/wp\/v2\/posts"}],"about":[{"href":"https:\/\/www.egemtv.com\/index.php?rest_route=\/wp\/v2\/types\/post"}],"author":[{"embeddable":true,"href":"https:\/\/www.egemtv.com\/index.php?rest_route=\/wp\/v2\/users\/1"}],"replies":[{"embeddable":true,"href":"https:\/\/www.egemtv.com\/index.php?rest_route=%2Fwp%2Fv2%2Fcomments&post=80627"}],"version-history":[{"count":1,"href":"https:\/\/www.egemtv.com\/index.php?rest_route=\/wp\/v2\/posts\/80627\/revisions"}],"predecessor-version":[{"id":80629,"href":"https:\/\/www.egemtv.com\/index.php?rest_route=\/wp\/v2\/posts\/80627\/revisions\/80629"}],"wp:featuredmedia":[{"embeddable":true,"href":"https:\/\/www.egemtv.com\/index.php?rest_route=\/wp\/v2\/media\/80628"}],"wp:attachment":[{"href":"https:\/\/www.egemtv.com\/index.php?rest_route=%2Fwp%2Fv2%2Fmedia&parent=80627"}],"wp:term":[{"taxonomy":"category","embeddable":true,"href":"https:\/\/www.egemtv.com\/index.php?rest_route=%2Fwp%2Fv2%2Fcategories&post=80627"},{"taxonomy":"post_tag","embeddable":true,"href":"https:\/\/www.egemtv.com\/index.php?rest_route=%2Fwp%2Fv2%2Ftags&post=80627"}],"curies":[{"name":"wp","href":"https:\/\/api.w.org\/{rel}","templated":true}]}}