{"id":80624,"date":"2026-01-14T12:34:47","date_gmt":"2026-01-14T09:34:47","guid":{"rendered":"https:\/\/www.egemtv.com\/?p=80624"},"modified":"2026-01-14T12:34:48","modified_gmt":"2026-01-14T09:34:48","slug":"zirai-ilaclarda-elektronik-takip-donemi-basliyor","status":"publish","type":"post","link":"https:\/\/www.egemtv.com\/?p=80624","title":{"rendered":"Zirai ila\u00e7larda elektronik takip d\u00f6nemi ba\u015fl\u0131yor"},"content":{"rendered":"<p>Tar\u0131m ve Orman Bakanl\u0131\u011f\u0131 taraf\u0131ndan hayata ge\u00e7irilecek olan B-Re\u00e7ete Sistemi kapsam\u0131nda bilgilendirme toplant\u0131s\u0131 Ayd\u0131n\u2019da d\u00fczenlendi.<\/p>\n<p>Bilgilendirme Toplant\u0131s\u0131, Tar\u0131m ve Orman Bakanl\u0131\u011f\u0131 G\u0131da ve Kontrol Genel M\u00fcd\u00fcr Yard\u0131mc\u0131s\u0131 Do\u00e7. Dr. Yunus Bayram ile Ayd\u0131n \u0130l Tar\u0131m ve Orman M\u00fcd\u00fcr\u00fc Ayhan Temiz\u2019in kat\u0131l\u0131m\u0131yla \u0130l Tar\u0131m ve Orman M\u00fcd\u00fcrl\u00fc\u011f\u00fc\u2019nde ger\u00e7ekle\u015ftirildi. \u0130l M\u00fcd\u00fcrl\u00fc\u011f\u00fc \u0130ncir Toplant\u0131 Salonu\u2019nda d\u00fczenlenen toplant\u0131ya il ve il\u00e7e m\u00fcd\u00fcrl\u00fcklerinde g\u00f6rev yapan personel kat\u0131ld\u0131. Toplant\u0131da, B-Re\u00e7ete sisteminin i\u015fleyi\u015fi, uygulama s\u00fcreci ve sahadaki etkileri hakk\u0131nda kapsaml\u0131 bilgilendirmeler yap\u0131ld\u0131. Halihaz\u0131rda 4 pilot ilde 5 etken madde ile uygulanmaya ba\u015flanan B-Re\u00e7ete sisteminin, 1 Temmuz 2026 tarihinden itibaren T\u00fcrkiye genelinde t\u00fcm illerde hayata ge\u00e7irilece\u011fi belirtildi.<\/p>\n<p>Yeni sistemle birlikte zirai ila\u00e7lar\u0131 \u00fcreten, satan ve uygulayan t\u00fcm payda\u015flar\u0131n elektronik ortamda kay\u0131t alt\u0131na al\u0131narak izlenece\u011fi ifade edilirken, uygulaman\u0131n zirai ila\u00e7lar\u0131n hatal\u0131 ve gere\u011finden fazla kullan\u0131m\u0131n\u0131n \u00f6n\u00fcne ge\u00e7ilmesine \u00f6nemli katk\u0131 sa\u011flamas\u0131 hedefleniyor. B-Re\u00e7ete uygulamas\u0131n\u0131n ayn\u0131 zamanda pestisit kal\u0131nt\u0131s\u0131n\u0131n azalt\u0131lmas\u0131na ve g\u0131da g\u00fcvenli\u011finin art\u0131r\u0131lmas\u0131na katk\u0131 sunaca\u011f\u0131 vurguland\u0131.<br \/><\/p>\n","protected":false},"excerpt":{"rendered":"<p>Tar\u0131m ve Orman Bakanl\u0131\u011f\u0131 taraf\u0131ndan hayata ge\u00e7irilecek olan B-Re\u00e7ete Sistemi kapsam\u0131nda bilgilendirme toplant\u0131s\u0131 Ayd\u0131n\u2019da d\u00fczenlendi. Bilgilendirme Toplant\u0131s\u0131, Tar\u0131m ve Orman Bakanl\u0131\u011f\u0131 G\u0131da ve Kontrol Genel M\u00fcd\u00fcr Yard\u0131mc\u0131s\u0131 Do\u00e7. Dr. Yunus Bayram ile Ayd\u0131n \u0130l Tar\u0131m ve Orman M\u00fcd\u00fcr\u00fc Ayhan Temiz\u2019in kat\u0131l\u0131m\u0131yla \u0130l Tar\u0131m ve Orman M\u00fcd\u00fcrl\u00fc\u011f\u00fc\u2019nde ger\u00e7ekle\u015ftirildi. \u0130l M\u00fcd\u00fcrl\u00fc\u011f\u00fc \u0130ncir Toplant\u0131 Salonu\u2019nda d\u00fczenlenen toplant\u0131ya il&#8230;<\/p>\n","protected":false},"author":1,"featured_media":80625,"comment_status":"open","ping_status":"open","sticky":false,"template":"","format":"standard","meta":{"_crdt_document":"","footnotes":""},"categories":[1],"tags":[],"class_list":["post-80624","post","type-post","status-publish","format-standard","has-post-thumbnail","hentry","category-guncel"],"_links":{"self":[{"href":"https:\/\/www.egemtv.com\/index.php?rest_route=\/wp\/v2\/posts\/80624","targetHints":{"allow":["GET"]}}],"collection":[{"href":"https:\/\/www.egemtv.com\/index.php?rest_route=\/wp\/v2\/posts"}],"about":[{"href":"https:\/\/www.egemtv.com\/index.php?rest_route=\/wp\/v2\/types\/post"}],"author":[{"embeddable":true,"href":"https:\/\/www.egemtv.com\/index.php?rest_route=\/wp\/v2\/users\/1"}],"replies":[{"embeddable":true,"href":"https:\/\/www.egemtv.com\/index.php?rest_route=%2Fwp%2Fv2%2Fcomments&post=80624"}],"version-history":[{"count":1,"href":"https:\/\/www.egemtv.com\/index.php?rest_route=\/wp\/v2\/posts\/80624\/revisions"}],"predecessor-version":[{"id":80626,"href":"https:\/\/www.egemtv.com\/index.php?rest_route=\/wp\/v2\/posts\/80624\/revisions\/80626"}],"wp:featuredmedia":[{"embeddable":true,"href":"https:\/\/www.egemtv.com\/index.php?rest_route=\/wp\/v2\/media\/80625"}],"wp:attachment":[{"href":"https:\/\/www.egemtv.com\/index.php?rest_route=%2Fwp%2Fv2%2Fmedia&parent=80624"}],"wp:term":[{"taxonomy":"category","embeddable":true,"href":"https:\/\/www.egemtv.com\/index.php?rest_route=%2Fwp%2Fv2%2Fcategories&post=80624"},{"taxonomy":"post_tag","embeddable":true,"href":"https:\/\/www.egemtv.com\/index.php?rest_route=%2Fwp%2Fv2%2Ftags&post=80624"}],"curies":[{"name":"wp","href":"https:\/\/api.w.org\/{rel}","templated":true}]}}