{"id":80621,"date":"2026-01-14T12:34:46","date_gmt":"2026-01-14T09:34:46","guid":{"rendered":"https:\/\/www.egemtv.com\/?p=80621"},"modified":"2026-01-14T12:34:47","modified_gmt":"2026-01-14T09:34:47","slug":"bodrum-belediyesinden-toplu-acilis-toreni","status":"publish","type":"post","link":"https:\/\/www.egemtv.com\/?p=80621","title":{"rendered":"Bodrum Belediyesinden toplu a\u00e7\u0131l\u0131\u015f t\u00f6reni"},"content":{"rendered":"<p>Bodrum Belediyesi, kentin sosyal dokusunu g\u00fc\u00e7lendirmek ve vatanda\u015flara modern ya\u015fam alanlar\u0131 sunmak amac\u0131yla hayata ge\u00e7irdi\u011fi \u00fc\u00e7 \u00f6nemli projenin a\u00e7\u0131l\u0131\u015f\u0131n\u0131 ger\u00e7ekle\u015ftirmeye haz\u0131rlan\u0131yor.<\/p>\n<p>Yal\u0131kavak Kapal\u0131 Pazar Yeri ve Sosyal Etkinlik Alan\u0131, Dirmil Pazar Yeri ve Sosyal Etkinlik Alan\u0131 ile Abac\u0131o\u011flu Tenis Kortu ve Basketbol Sahas\u0131, d\u00fczenlenecek t\u00f6renle vatanda\u015flar\u0131n hizmetine sunulacak. Toplu a\u00e7\u0131l\u0131\u015f t\u00f6reni; Cumhuriyet Halk Partisi Yerel Y\u00f6netimler ve Diren\u00e7li Kentlerden Sorumlu Genel Ba\u015fkan Yard\u0131mc\u0131s\u0131 G\u00f6kan Zeybek ile K\u0131y\u0131 Ege Belediyeler Birli\u011fi Ba\u015fkan\u0131 ve Mu\u011fla B\u00fcy\u00fck\u015fehir Belediye Ba\u015fkan\u0131 Ahmet Aras\u2019\u0131n kat\u0131l\u0131m\u0131yla ger\u00e7ekle\u015fecek. T\u00f6ren, 15 Ocak Per\u015fembe g\u00fcn\u00fc saat 14.30\u2019da Yal\u0131kavak Kapal\u0131 Pazar Yeri ve Sosyal Etkinlik Alan\u0131\u2019nda yap\u0131lacak.<\/p>\n<p>Ba\u015fkan Mandalinci\u2019den t\u00fcm Bodrumlulara davet<br \/>\n<br \/>Projelerin hayata ge\u00e7irilmesinde eme\u011fi ge\u00e7enlere ve hay\u0131rseverlere te\u015fekk\u00fcr eden Bodrum Belediye Ba\u015fkan\u0131 Tamer Mandalinci, t\u00fcm kent sakinlerini bu heyecana ortak olmaya \u00e7a\u011f\u0131rd\u0131. Ba\u015fkan Mandalinci mesaj\u0131nda \u015fu ifadelere yer verdi:<br \/>\n<br \/>&#8220;De\u011ferli hem\u015fehrilerim, k\u0131ymetli kent sakinlerimiz; hay\u0131rseverlerimizin deste\u011fiyle belediyemiz taraf\u0131ndan hayata ge\u00e7irilen projelerle, sizlere daha konforlu bir kent ya\u015fam\u0131 sunmay\u0131 hedefliyoruz. Bodrumumuza kazand\u0131rd\u0131\u011f\u0131m\u0131z yeni yat\u0131r\u0131mlar\u0131n heyecan\u0131n\u0131 ve gururunu hep birlikte ya\u015famak i\u00e7in t\u00fcm halk\u0131m\u0131z\u0131 15 Ocak Per\u015fembe g\u00fcn\u00fc saat 14.30\u2019da Yal\u0131kavak Kapal\u0131 Pazar Yeri ve Sosyal Etkinlik Alan\u0131\u2019nda d\u00fczenleyece\u011fimiz Toplu A\u00e7\u0131l\u0131\u015f T\u00f6renimize bekliyoruz.&#8221;<br \/><\/p>\n","protected":false},"excerpt":{"rendered":"<p>Bodrum Belediyesi, kentin sosyal dokusunu g\u00fc\u00e7lendirmek ve vatanda\u015flara modern ya\u015fam alanlar\u0131 sunmak amac\u0131yla hayata ge\u00e7irdi\u011fi \u00fc\u00e7 \u00f6nemli projenin a\u00e7\u0131l\u0131\u015f\u0131n\u0131 ger\u00e7ekle\u015ftirmeye haz\u0131rlan\u0131yor. Yal\u0131kavak Kapal\u0131 Pazar Yeri ve Sosyal Etkinlik Alan\u0131, Dirmil Pazar Yeri ve Sosyal Etkinlik Alan\u0131 ile Abac\u0131o\u011flu Tenis Kortu ve Basketbol Sahas\u0131, d\u00fczenlenecek t\u00f6renle vatanda\u015flar\u0131n hizmetine sunulacak. Toplu a\u00e7\u0131l\u0131\u015f t\u00f6reni; Cumhuriyet Halk Partisi Yerel&#8230;<\/p>\n","protected":false},"author":1,"featured_media":80622,"comment_status":"open","ping_status":"open","sticky":false,"template":"","format":"standard","meta":{"_crdt_document":"","footnotes":""},"categories":[1],"tags":[],"class_list":["post-80621","post","type-post","status-publish","format-standard","has-post-thumbnail","hentry","category-guncel"],"_links":{"self":[{"href":"https:\/\/www.egemtv.com\/index.php?rest_route=\/wp\/v2\/posts\/80621","targetHints":{"allow":["GET"]}}],"collection":[{"href":"https:\/\/www.egemtv.com\/index.php?rest_route=\/wp\/v2\/posts"}],"about":[{"href":"https:\/\/www.egemtv.com\/index.php?rest_route=\/wp\/v2\/types\/post"}],"author":[{"embeddable":true,"href":"https:\/\/www.egemtv.com\/index.php?rest_route=\/wp\/v2\/users\/1"}],"replies":[{"embeddable":true,"href":"https:\/\/www.egemtv.com\/index.php?rest_route=%2Fwp%2Fv2%2Fcomments&post=80621"}],"version-history":[{"count":1,"href":"https:\/\/www.egemtv.com\/index.php?rest_route=\/wp\/v2\/posts\/80621\/revisions"}],"predecessor-version":[{"id":80623,"href":"https:\/\/www.egemtv.com\/index.php?rest_route=\/wp\/v2\/posts\/80621\/revisions\/80623"}],"wp:featuredmedia":[{"embeddable":true,"href":"https:\/\/www.egemtv.com\/index.php?rest_route=\/wp\/v2\/media\/80622"}],"wp:attachment":[{"href":"https:\/\/www.egemtv.com\/index.php?rest_route=%2Fwp%2Fv2%2Fmedia&parent=80621"}],"wp:term":[{"taxonomy":"category","embeddable":true,"href":"https:\/\/www.egemtv.com\/index.php?rest_route=%2Fwp%2Fv2%2Fcategories&post=80621"},{"taxonomy":"post_tag","embeddable":true,"href":"https:\/\/www.egemtv.com\/index.php?rest_route=%2Fwp%2Fv2%2Ftags&post=80621"}],"curies":[{"name":"wp","href":"https:\/\/api.w.org\/{rel}","templated":true}]}}