{"id":80618,"date":"2026-01-14T11:35:08","date_gmt":"2026-01-14T08:35:08","guid":{"rendered":"https:\/\/www.egemtv.com\/?p=80618"},"modified":"2026-01-14T11:35:08","modified_gmt":"2026-01-14T08:35:08","slug":"yeni-adliye-binasi-icin-ihale-tarihi-belli-oldu","status":"publish","type":"post","link":"https:\/\/www.egemtv.com\/?p=80618","title":{"rendered":"Yeni adliye binas\u0131 i\u00e7in ihale tarihi belli oldu"},"content":{"rendered":"<p>Ayd\u0131n\u2019da uzun s\u00fcredir beklenen yeni adliye binas\u0131 i\u00e7in haz\u0131rlanan in\u015faat projesinin onaylanmas\u0131n\u0131n ard\u0131ndan ihale tarihi de belli oldu.<\/p>\n<p>Ayd\u0131n\u2019da depreme dayan\u0131ks\u0131z oldu\u011fu ve yetersiz oldu\u011fu gerek\u00e7esiyle yeni adliye binas\u0131n\u0131n yap\u0131lmas\u0131 i\u00e7in \u00e7al\u0131\u015fmalar s\u00fcrerken, Ayd\u0131n\u2019a kazand\u0131r\u0131lacak yeni adliye binas\u0131 in\u015faat projesi de ge\u00e7ti\u011fimiz aylarda onaylanm\u0131\u015ft\u0131. 35 bin metrekare alan \u00fczerine in\u015fa edilecek olan projenin ihale tarihi de belli oldu. Adalet hizmetlerinin daha etkin, h\u0131zl\u0131 ve \u00e7a\u011fda\u015f \u015fartlarda sunulmas\u0131n\u0131 sa\u011flayacak olan yeni adliye binas\u0131n\u0131n ihalesi, 10 \u015eubat 2026 tarihinde Adalet Bakanl\u0131\u011f\u0131 Destek Hizmetleri Daire Ba\u015fkanl\u0131\u011f\u0131 Konferans Salonu\u2019nda yap\u0131lacak.<\/p>\n<p>Zeybek Mahallesi Atat\u00fcrk Bulvar\u0131 \u00fczerinde yer alan 35 bin metrekare arsa \u00fczerine, bodrum + zemin + 5 normal kat olmak \u00fczere in\u015fa edilecek, toplamda 53 bin metrekare kapal\u0131 alana sahip olacak olan yeni adliye binas\u0131n\u0131n ihale kapsam\u0131nda belirlenen yap\u0131m s\u00fcresinin de 2 y\u0131l oldu\u011fu \u00f6\u011frenildi. \u0130halenin ard\u0131ndan \u00e7al\u0131\u015fmalar\u0131na ba\u015flanacak olan binan\u0131n, planlanan takvim do\u011frultusunda 2028 y\u0131l\u0131 \u015eubat ay\u0131 itibar\u0131yla tamamlanarak hizmete sunulmas\u0131 hedefleniyor.<br \/><\/p>\n","protected":false},"excerpt":{"rendered":"<p>Ayd\u0131n\u2019da uzun s\u00fcredir beklenen yeni adliye binas\u0131 i\u00e7in haz\u0131rlanan in\u015faat projesinin onaylanmas\u0131n\u0131n ard\u0131ndan ihale tarihi de belli oldu. Ayd\u0131n\u2019da depreme dayan\u0131ks\u0131z oldu\u011fu ve yetersiz oldu\u011fu gerek\u00e7esiyle yeni adliye binas\u0131n\u0131n yap\u0131lmas\u0131 i\u00e7in \u00e7al\u0131\u015fmalar s\u00fcrerken, Ayd\u0131n\u2019a kazand\u0131r\u0131lacak yeni adliye binas\u0131 in\u015faat projesi de ge\u00e7ti\u011fimiz aylarda onaylanm\u0131\u015ft\u0131. 35 bin metrekare alan \u00fczerine in\u015fa edilecek olan projenin ihale tarihi&#8230;<\/p>\n","protected":false},"author":1,"featured_media":80619,"comment_status":"open","ping_status":"open","sticky":false,"template":"","format":"standard","meta":{"_crdt_document":"","footnotes":""},"categories":[1],"tags":[],"class_list":["post-80618","post","type-post","status-publish","format-standard","has-post-thumbnail","hentry","category-guncel"],"_links":{"self":[{"href":"https:\/\/www.egemtv.com\/index.php?rest_route=\/wp\/v2\/posts\/80618","targetHints":{"allow":["GET"]}}],"collection":[{"href":"https:\/\/www.egemtv.com\/index.php?rest_route=\/wp\/v2\/posts"}],"about":[{"href":"https:\/\/www.egemtv.com\/index.php?rest_route=\/wp\/v2\/types\/post"}],"author":[{"embeddable":true,"href":"https:\/\/www.egemtv.com\/index.php?rest_route=\/wp\/v2\/users\/1"}],"replies":[{"embeddable":true,"href":"https:\/\/www.egemtv.com\/index.php?rest_route=%2Fwp%2Fv2%2Fcomments&post=80618"}],"version-history":[{"count":1,"href":"https:\/\/www.egemtv.com\/index.php?rest_route=\/wp\/v2\/posts\/80618\/revisions"}],"predecessor-version":[{"id":80620,"href":"https:\/\/www.egemtv.com\/index.php?rest_route=\/wp\/v2\/posts\/80618\/revisions\/80620"}],"wp:featuredmedia":[{"embeddable":true,"href":"https:\/\/www.egemtv.com\/index.php?rest_route=\/wp\/v2\/media\/80619"}],"wp:attachment":[{"href":"https:\/\/www.egemtv.com\/index.php?rest_route=%2Fwp%2Fv2%2Fmedia&parent=80618"}],"wp:term":[{"taxonomy":"category","embeddable":true,"href":"https:\/\/www.egemtv.com\/index.php?rest_route=%2Fwp%2Fv2%2Fcategories&post=80618"},{"taxonomy":"post_tag","embeddable":true,"href":"https:\/\/www.egemtv.com\/index.php?rest_route=%2Fwp%2Fv2%2Ftags&post=80618"}],"curies":[{"name":"wp","href":"https:\/\/api.w.org\/{rel}","templated":true}]}}