{"id":80615,"date":"2026-01-14T11:35:07","date_gmt":"2026-01-14T08:35:07","guid":{"rendered":"https:\/\/www.egemtv.com\/?p=80615"},"modified":"2026-01-14T11:35:07","modified_gmt":"2026-01-14T08:35:07","slug":"afyonkarahisarda-kis-manzarasi-havadan-goruntulendi","status":"publish","type":"post","link":"https:\/\/www.egemtv.com\/?p=80615","title":{"rendered":"Afyonkarahisar\u2019da k\u0131\u015f manzaras\u0131 havadan g\u00f6r\u00fcnt\u00fclendi"},"content":{"rendered":"<p>Afyonkarahisar\u2019da ya\u011fan kar ya\u011f\u0131\u015f\u0131 sonras\u0131 ortaya \u00e7\u0131kan k\u0131\u015f manzaras\u0131 dron ile havadan g\u00f6r\u00fcnt\u00fclendi.<br \/>\n<br \/>Kentte son bir haftad\u0131r aral\u0131klarla ya\u011fan kar ya\u011f\u0131\u015f\u0131 sonras\u0131 do\u011fa beyaza b\u00fcr\u00fcn\u00fcrken, ortaya ise kartpostallar\u0131 aratmayan manzaralar \u00e7\u0131kt\u0131. Kar alt\u0131ndaki g\u00f6ller, a\u011fa\u00e7lar ve da\u011flar dron ile havadan g\u00f6r\u00fcnt\u00fclendi. Erdem \u00d6zkan isimli foto\u011fraf sanat\u00e7\u0131s\u0131 taraf\u0131ndan \u00e7ekilen ve Afyon Kocatepe \u00dcniversitesi (AK\u00dc) Bas\u0131n Yay\u0131n ve Halkla \u0130li\u015fkiler M\u00fcd\u00fcrl\u00fc\u011f\u00fc Ara\u015ft\u0131rma G\u00f6revlisi Hakan Y\u0131lmaz taraf\u0131ndan haz\u0131rlanan klip g\u00f6renleri adeta mest etti.<br \/><\/p>\n","protected":false},"excerpt":{"rendered":"<p>Afyonkarahisar\u2019da ya\u011fan kar ya\u011f\u0131\u015f\u0131 sonras\u0131 ortaya \u00e7\u0131kan k\u0131\u015f manzaras\u0131 dron ile havadan g\u00f6r\u00fcnt\u00fclendi. Kentte son bir haftad\u0131r aral\u0131klarla ya\u011fan kar ya\u011f\u0131\u015f\u0131 sonras\u0131 do\u011fa beyaza b\u00fcr\u00fcn\u00fcrken, ortaya ise kartpostallar\u0131 aratmayan manzaralar \u00e7\u0131kt\u0131. Kar alt\u0131ndaki g\u00f6ller, a\u011fa\u00e7lar ve da\u011flar dron ile havadan g\u00f6r\u00fcnt\u00fclendi. Erdem \u00d6zkan isimli foto\u011fraf sanat\u00e7\u0131s\u0131 taraf\u0131ndan \u00e7ekilen ve Afyon Kocatepe \u00dcniversitesi (AK\u00dc) Bas\u0131n Yay\u0131n&#8230;<\/p>\n","protected":false},"author":1,"featured_media":80616,"comment_status":"open","ping_status":"open","sticky":false,"template":"","format":"standard","meta":{"_crdt_document":"","footnotes":""},"categories":[1],"tags":[],"class_list":["post-80615","post","type-post","status-publish","format-standard","has-post-thumbnail","hentry","category-guncel"],"_links":{"self":[{"href":"https:\/\/www.egemtv.com\/index.php?rest_route=\/wp\/v2\/posts\/80615","targetHints":{"allow":["GET"]}}],"collection":[{"href":"https:\/\/www.egemtv.com\/index.php?rest_route=\/wp\/v2\/posts"}],"about":[{"href":"https:\/\/www.egemtv.com\/index.php?rest_route=\/wp\/v2\/types\/post"}],"author":[{"embeddable":true,"href":"https:\/\/www.egemtv.com\/index.php?rest_route=\/wp\/v2\/users\/1"}],"replies":[{"embeddable":true,"href":"https:\/\/www.egemtv.com\/index.php?rest_route=%2Fwp%2Fv2%2Fcomments&post=80615"}],"version-history":[{"count":1,"href":"https:\/\/www.egemtv.com\/index.php?rest_route=\/wp\/v2\/posts\/80615\/revisions"}],"predecessor-version":[{"id":80617,"href":"https:\/\/www.egemtv.com\/index.php?rest_route=\/wp\/v2\/posts\/80615\/revisions\/80617"}],"wp:featuredmedia":[{"embeddable":true,"href":"https:\/\/www.egemtv.com\/index.php?rest_route=\/wp\/v2\/media\/80616"}],"wp:attachment":[{"href":"https:\/\/www.egemtv.com\/index.php?rest_route=%2Fwp%2Fv2%2Fmedia&parent=80615"}],"wp:term":[{"taxonomy":"category","embeddable":true,"href":"https:\/\/www.egemtv.com\/index.php?rest_route=%2Fwp%2Fv2%2Fcategories&post=80615"},{"taxonomy":"post_tag","embeddable":true,"href":"https:\/\/www.egemtv.com\/index.php?rest_route=%2Fwp%2Fv2%2Ftags&post=80615"}],"curies":[{"name":"wp","href":"https:\/\/api.w.org\/{rel}","templated":true}]}}