{"id":80612,"date":"2026-01-14T11:35:06","date_gmt":"2026-01-14T08:35:06","guid":{"rendered":"https:\/\/www.egemtv.com\/?p=80612"},"modified":"2026-01-14T11:35:07","modified_gmt":"2026-01-14T08:35:07","slug":"didim-belediyesi-cevreyi-kirletenlere-goz-actirmiyor","status":"publish","type":"post","link":"https:\/\/www.egemtv.com\/?p=80612","title":{"rendered":"Didim Belediyesi \u00e7evreyi kirletenlere g\u00f6z a\u00e7t\u0131rm\u0131yor"},"content":{"rendered":"<p>Ayd\u0131n\u2019\u0131n Didim il\u00e7esinde \u00e7evre kirlili\u011fine neden olan \u015fah\u0131slar, kameralar taraf\u0131ndan tespit edilerek cezai i\u015flem uygulan\u0131yor.<\/p>\n<p>Didim\u2019de kamusal alanlara \u00e7evre kirlili\u011fine neden olan at\u0131k ve hafriyat d\u00f6k\u00fcmleri devam ediyor. Belediye ekipleri kameralardan tespit ettikleri \u015fah\u0131slara cezai i\u015flem uyguluyor.<\/p>\n<p>Didim Belediyesi\u2019nden yap\u0131lan a\u00e7\u0131klamada, &#8220;Kent genelinde kurdu\u011fumuz g\u00fcvenlik kameralar\u0131yla bu t\u00fcr ihlaller tespit edilmektedir. Tespit edilen at\u0131klar temizletilirken, sorumlular hakk\u0131nda mevzuat kapsam\u0131nda gerekli cezai i\u015flemler uygulanmaktad\u0131r. Daha temiz, daha d\u00fczenli ve ya\u015fanabilir bir Didim i\u00e7in \u00e7evreyi korumak hepimizin ortak sorumlulu\u011fudur&#8221; denildi.<br \/><\/p>\n","protected":false},"excerpt":{"rendered":"<p>Ayd\u0131n\u2019\u0131n Didim il\u00e7esinde \u00e7evre kirlili\u011fine neden olan \u015fah\u0131slar, kameralar taraf\u0131ndan tespit edilerek cezai i\u015flem uygulan\u0131yor. Didim\u2019de kamusal alanlara \u00e7evre kirlili\u011fine neden olan at\u0131k ve hafriyat d\u00f6k\u00fcmleri devam ediyor. Belediye ekipleri kameralardan tespit ettikleri \u015fah\u0131slara cezai i\u015flem uyguluyor. Didim Belediyesi\u2019nden yap\u0131lan a\u00e7\u0131klamada, &#8220;Kent genelinde kurdu\u011fumuz g\u00fcvenlik kameralar\u0131yla bu t\u00fcr ihlaller tespit edilmektedir. Tespit edilen at\u0131klar temizletilirken,&#8230;<\/p>\n","protected":false},"author":1,"featured_media":80613,"comment_status":"open","ping_status":"open","sticky":false,"template":"","format":"standard","meta":{"_crdt_document":"","footnotes":""},"categories":[1],"tags":[],"class_list":["post-80612","post","type-post","status-publish","format-standard","has-post-thumbnail","hentry","category-guncel"],"_links":{"self":[{"href":"https:\/\/www.egemtv.com\/index.php?rest_route=\/wp\/v2\/posts\/80612","targetHints":{"allow":["GET"]}}],"collection":[{"href":"https:\/\/www.egemtv.com\/index.php?rest_route=\/wp\/v2\/posts"}],"about":[{"href":"https:\/\/www.egemtv.com\/index.php?rest_route=\/wp\/v2\/types\/post"}],"author":[{"embeddable":true,"href":"https:\/\/www.egemtv.com\/index.php?rest_route=\/wp\/v2\/users\/1"}],"replies":[{"embeddable":true,"href":"https:\/\/www.egemtv.com\/index.php?rest_route=%2Fwp%2Fv2%2Fcomments&post=80612"}],"version-history":[{"count":1,"href":"https:\/\/www.egemtv.com\/index.php?rest_route=\/wp\/v2\/posts\/80612\/revisions"}],"predecessor-version":[{"id":80614,"href":"https:\/\/www.egemtv.com\/index.php?rest_route=\/wp\/v2\/posts\/80612\/revisions\/80614"}],"wp:featuredmedia":[{"embeddable":true,"href":"https:\/\/www.egemtv.com\/index.php?rest_route=\/wp\/v2\/media\/80613"}],"wp:attachment":[{"href":"https:\/\/www.egemtv.com\/index.php?rest_route=%2Fwp%2Fv2%2Fmedia&parent=80612"}],"wp:term":[{"taxonomy":"category","embeddable":true,"href":"https:\/\/www.egemtv.com\/index.php?rest_route=%2Fwp%2Fv2%2Fcategories&post=80612"},{"taxonomy":"post_tag","embeddable":true,"href":"https:\/\/www.egemtv.com\/index.php?rest_route=%2Fwp%2Fv2%2Ftags&post=80612"}],"curies":[{"name":"wp","href":"https:\/\/api.w.org\/{rel}","templated":true}]}}