{"id":80609,"date":"2026-01-14T11:35:05","date_gmt":"2026-01-14T08:35:05","guid":{"rendered":"https:\/\/www.egemtv.com\/?p=80609"},"modified":"2026-01-14T11:35:06","modified_gmt":"2026-01-14T08:35:06","slug":"denizlili-umreciler-hira-nur-daginda-manevi-iklimi-yasadi","status":"publish","type":"post","link":"https:\/\/www.egemtv.com\/?p=80609","title":{"rendered":"Denizlili umreciler Hira Nur Da\u011f\u0131nda manevi iklimi ya\u015fad\u0131"},"content":{"rendered":"<p>Denizli \u0130l M\u00fcft\u00fcl\u00fc\u011f\u00fc organizasyonuyla umre ibadetini yerine getiren Denizlili umreciler, \u0130slam tarihi a\u00e7\u0131s\u0131ndan b\u00fcy\u00fck \u00f6neme sahip Hira Nur Da\u011f\u0131\u2019na \u00e7\u0131karak sabah namaz\u0131n\u0131 zirvede eda etti.<\/p>\n<p>Denizli \u0130l M\u00fcft\u00fcl\u00fc\u011f\u00fc koordinesinde kutsal topraklarda bulunan umre grubu, program kapsam\u0131nda Mekke\u2019de yer alan Hira Nur Da\u011f\u0131\u2019na ziyaret ger\u00e7ekle\u015ftirdi. Sabah\u0131n erken saatlerinde otelden otob\u00fcslerle da\u011f\u0131n yamac\u0131na kadar ula\u015fan Denizlili umreciler, buradan itibaren zorlu parkuru y\u00fcr\u00fcyerek t\u0131rmand\u0131. Yakla\u015f\u0131k 640 metre y\u00fcksekli\u011fe sahip Nur Da\u011f\u0131\u2019n\u0131n zirvesine ula\u015fmay\u0131 ba\u015faran grup, sabah namaz\u0131n\u0131 burada hu\u015fu i\u00e7inde k\u0131ld\u0131.<\/p>\n<p>\u0130slam tarihinde \u00f6nemli bir yere sahip olan Hira Nur Da\u011f\u0131, Peygamber Efendimiz Hz. Muhammed\u2019e ilk vahyin geldi\u011fi Hira Ma\u011faras\u0131\u2019n\u0131 bar\u0131nd\u0131rmas\u0131yla biliniyor. Vahyin ba\u015flang\u0131\u00e7 noktas\u0131 kabul edilen bu m\u00fcbarek mek\u00e2n, as\u0131rlard\u0131r M\u00fcsl\u00fcmanlar i\u00e7in derin bir tefekk\u00fcr ve ibadet merkezi olma \u00f6zelli\u011fini koruyor. Umreciler, zirvede hem bu tarihi atmosferi ya\u015fad\u0131 hem de dua ve ibadetle manevi anlar ya\u015fad\u0131. Zirve program\u0131n\u0131n ard\u0131ndan Denizlili umreciler, ayn\u0131 parkurdan dikkatli bir \u015fekilde ini\u015f yaparak ziyaretlerini tamamlad\u0131.<\/p>\n<p>Umre grubunun rehberli\u011fini \u00fcstlenen grup hocas\u0131 Cihan \u015eahan, &#8220;Diyanet \u0130\u015fleri Ba\u015fkanl\u0131\u011f\u0131m\u0131z\u0131n ve Denizli \u0130l M\u00fcft\u00fcm\u00fcz Abdullah Pamuklu\u2019nun destekleriyle haz\u0131rlanan bu program sayesinde umrecilerimiz ibadetlerini b\u00fcy\u00fck bir huzur ve d\u00fczen i\u00e7erisinde yerine getiriyor. Nur Da\u011f\u0131 gibi \u0130slam tarihinin kalbi say\u0131lan bir mek\u00e2nda namaz k\u0131lmak, karde\u015flerimiz i\u00e7in unutulmaz bir hat\u0131ra oldu. Mekke\u2019yi zirveden izlemenin g\u00fczelli\u011fi bir ba\u015fka. Allah isteyen herkesi buralar\u0131 g\u00f6rmeyi nasip etsin&#8221; dedi.<br \/><\/p>\n","protected":false},"excerpt":{"rendered":"<p>Denizli \u0130l M\u00fcft\u00fcl\u00fc\u011f\u00fc organizasyonuyla umre ibadetini yerine getiren Denizlili umreciler, \u0130slam tarihi a\u00e7\u0131s\u0131ndan b\u00fcy\u00fck \u00f6neme sahip Hira Nur Da\u011f\u0131\u2019na \u00e7\u0131karak sabah namaz\u0131n\u0131 zirvede eda etti. Denizli \u0130l M\u00fcft\u00fcl\u00fc\u011f\u00fc koordinesinde kutsal topraklarda bulunan umre grubu, program kapsam\u0131nda Mekke\u2019de yer alan Hira Nur Da\u011f\u0131\u2019na ziyaret ger\u00e7ekle\u015ftirdi. Sabah\u0131n erken saatlerinde otelden otob\u00fcslerle da\u011f\u0131n yamac\u0131na kadar ula\u015fan Denizlili umreciler,&#8230;<\/p>\n","protected":false},"author":1,"featured_media":80610,"comment_status":"open","ping_status":"open","sticky":false,"template":"","format":"standard","meta":{"_crdt_document":"","footnotes":""},"categories":[1],"tags":[],"class_list":["post-80609","post","type-post","status-publish","format-standard","has-post-thumbnail","hentry","category-guncel"],"_links":{"self":[{"href":"https:\/\/www.egemtv.com\/index.php?rest_route=\/wp\/v2\/posts\/80609","targetHints":{"allow":["GET"]}}],"collection":[{"href":"https:\/\/www.egemtv.com\/index.php?rest_route=\/wp\/v2\/posts"}],"about":[{"href":"https:\/\/www.egemtv.com\/index.php?rest_route=\/wp\/v2\/types\/post"}],"author":[{"embeddable":true,"href":"https:\/\/www.egemtv.com\/index.php?rest_route=\/wp\/v2\/users\/1"}],"replies":[{"embeddable":true,"href":"https:\/\/www.egemtv.com\/index.php?rest_route=%2Fwp%2Fv2%2Fcomments&post=80609"}],"version-history":[{"count":1,"href":"https:\/\/www.egemtv.com\/index.php?rest_route=\/wp\/v2\/posts\/80609\/revisions"}],"predecessor-version":[{"id":80611,"href":"https:\/\/www.egemtv.com\/index.php?rest_route=\/wp\/v2\/posts\/80609\/revisions\/80611"}],"wp:featuredmedia":[{"embeddable":true,"href":"https:\/\/www.egemtv.com\/index.php?rest_route=\/wp\/v2\/media\/80610"}],"wp:attachment":[{"href":"https:\/\/www.egemtv.com\/index.php?rest_route=%2Fwp%2Fv2%2Fmedia&parent=80609"}],"wp:term":[{"taxonomy":"category","embeddable":true,"href":"https:\/\/www.egemtv.com\/index.php?rest_route=%2Fwp%2Fv2%2Fcategories&post=80609"},{"taxonomy":"post_tag","embeddable":true,"href":"https:\/\/www.egemtv.com\/index.php?rest_route=%2Fwp%2Fv2%2Ftags&post=80609"}],"curies":[{"name":"wp","href":"https:\/\/api.w.org\/{rel}","templated":true}]}}