{"id":80606,"date":"2026-01-14T11:35:04","date_gmt":"2026-01-14T08:35:04","guid":{"rendered":"https:\/\/www.egemtv.com\/?p=80606"},"modified":"2026-01-14T11:35:05","modified_gmt":"2026-01-14T08:35:05","slug":"otomobille-carpisan-hafif-ticari-arac-devrildi","status":"publish","type":"post","link":"https:\/\/www.egemtv.com\/?p=80606","title":{"rendered":"Otomobille \u00e7arp\u0131\u015fan hafif ticari ara\u00e7 devrildi"},"content":{"rendered":"<p>Denizli\u2019de otomobil ile tali yoldan \u00e7\u0131kan hafif ticari arac\u0131n \u00e7arp\u0131\u015fmas\u0131 sonucu, hafif ticari ara\u00e7 devrildi. Kaza an\u0131 \u00e7evredeki g\u00fcvenlik kameralar\u0131na yans\u0131d\u0131.<\/p>\n<p>Kaza, Merkezefendi il\u00e7esi S\u00fcmer Mahallesi\u2019nde meydana geldi. Edinilen bilgilere g\u00f6re; hen\u00fcz plakas\u0131 bilinmeyen otomobil, tali yoldan gelen hafif ticari ara\u00e7 ile \u00e7arp\u0131\u015ft\u0131. \u00c7arpma sonucu hafif ticari ara\u00e7 devrilerek yan yatt\u0131. Kazay\u0131 g\u00f6ren \u00e7evredeki vatanda\u015flar 112 Acil \u00c7a\u011fr\u0131 Merkezine bildirildi. \u0130hbar \u00fczerine b\u00f6lgeye sa\u011fl\u0131k ve polis ekipleri sevk edildi. B\u00f6lgeye gelen sa\u011fl\u0131k ekipleri, kazada yaralanan vatanda\u015flar\u0131 ambulansla hastaneye sevk etti. Kaza sonucunda iki ara\u00e7ta hasar ald\u0131.<br \/>\n<br \/>Kaza ise bir i\u015fyerinin g\u00fcvenlik kameralar\u0131na anbean yans\u0131d\u0131. G\u00fcvenlik kameralar\u0131nda otomobil seyir halindeyken aniden yola \u00e7\u0131kan hafif ticari araca \u00e7arpt\u0131\u011f\u0131, kaza sonucunda hafif ticari arac\u0131n yan yatt\u0131\u011f\u0131 g\u00f6r\u00fcld\u00fc.<br \/>\n<br \/>Kaza ile ilgili soru\u015fturma ba\u015flat\u0131ld\u0131.<br \/><\/p>\n","protected":false},"excerpt":{"rendered":"<p>Denizli\u2019de otomobil ile tali yoldan \u00e7\u0131kan hafif ticari arac\u0131n \u00e7arp\u0131\u015fmas\u0131 sonucu, hafif ticari ara\u00e7 devrildi. Kaza an\u0131 \u00e7evredeki g\u00fcvenlik kameralar\u0131na yans\u0131d\u0131. Kaza, Merkezefendi il\u00e7esi S\u00fcmer Mahallesi\u2019nde meydana geldi. Edinilen bilgilere g\u00f6re; hen\u00fcz plakas\u0131 bilinmeyen otomobil, tali yoldan gelen hafif ticari ara\u00e7 ile \u00e7arp\u0131\u015ft\u0131. \u00c7arpma sonucu hafif ticari ara\u00e7 devrilerek yan yatt\u0131. Kazay\u0131 g\u00f6ren \u00e7evredeki vatanda\u015flar&#8230;<\/p>\n","protected":false},"author":1,"featured_media":80607,"comment_status":"open","ping_status":"open","sticky":false,"template":"","format":"standard","meta":{"_crdt_document":"","footnotes":""},"categories":[5],"tags":[],"class_list":["post-80606","post","type-post","status-publish","format-standard","has-post-thumbnail","hentry","category-asayis"],"_links":{"self":[{"href":"https:\/\/www.egemtv.com\/index.php?rest_route=\/wp\/v2\/posts\/80606","targetHints":{"allow":["GET"]}}],"collection":[{"href":"https:\/\/www.egemtv.com\/index.php?rest_route=\/wp\/v2\/posts"}],"about":[{"href":"https:\/\/www.egemtv.com\/index.php?rest_route=\/wp\/v2\/types\/post"}],"author":[{"embeddable":true,"href":"https:\/\/www.egemtv.com\/index.php?rest_route=\/wp\/v2\/users\/1"}],"replies":[{"embeddable":true,"href":"https:\/\/www.egemtv.com\/index.php?rest_route=%2Fwp%2Fv2%2Fcomments&post=80606"}],"version-history":[{"count":1,"href":"https:\/\/www.egemtv.com\/index.php?rest_route=\/wp\/v2\/posts\/80606\/revisions"}],"predecessor-version":[{"id":80608,"href":"https:\/\/www.egemtv.com\/index.php?rest_route=\/wp\/v2\/posts\/80606\/revisions\/80608"}],"wp:featuredmedia":[{"embeddable":true,"href":"https:\/\/www.egemtv.com\/index.php?rest_route=\/wp\/v2\/media\/80607"}],"wp:attachment":[{"href":"https:\/\/www.egemtv.com\/index.php?rest_route=%2Fwp%2Fv2%2Fmedia&parent=80606"}],"wp:term":[{"taxonomy":"category","embeddable":true,"href":"https:\/\/www.egemtv.com\/index.php?rest_route=%2Fwp%2Fv2%2Fcategories&post=80606"},{"taxonomy":"post_tag","embeddable":true,"href":"https:\/\/www.egemtv.com\/index.php?rest_route=%2Fwp%2Fv2%2Ftags&post=80606"}],"curies":[{"name":"wp","href":"https:\/\/api.w.org\/{rel}","templated":true}]}}