{"id":80600,"date":"2026-01-14T10:55:07","date_gmt":"2026-01-14T07:55:07","guid":{"rendered":"https:\/\/www.egemtv.com\/?p=80600"},"modified":"2026-01-14T10:55:08","modified_gmt":"2026-01-14T07:55:08","slug":"bolvadinli-gencler-hafizlik-sinavinda-ter-doktu","status":"publish","type":"post","link":"https:\/\/www.egemtv.com\/?p=80600","title":{"rendered":"Bolvadinli gen\u00e7ler Haf\u0131zl\u0131k S\u0131nav\u0131nda ter d\u00f6kt\u00fc"},"content":{"rendered":"<p>Afyonkarahisar\u2019\u0131n Bolvadin il\u00e7esindeki Sultan Carullah Kur\u2019an Kursunda haf\u0131zl\u0131k e\u011fitimini ba\u015far\u0131yla tamamlayan gen\u00e7ler Ankara \u0130l M\u00fcft\u00fcl\u00fc\u011f\u00fc\u2019nde d\u00fczenlenen Haf\u0131zl\u0131k Tespit S\u0131nav\u0131na kat\u0131ld\u0131.<br \/>\n<br \/>Ger\u00e7ekle\u015ftirilen s\u0131nava kursta e\u011fitim alan 10 \u00f6\u011frenci kat\u0131ld\u0131. S\u0131navla ilgili kurs m\u00fcd\u00fcrl\u00fc\u011f\u00fcnden yap\u0131lan yaz\u0131l\u0131 a\u00e7\u0131klamada ise &#8220;Genlerimiz hayallerine bir ad\u0131m daha yakla\u015fmak i\u00e7in Ankara \u0130l M\u00fcft\u00fcl\u00fc\u011f\u00fc\u2019nde d\u00fczenlenen Haf\u0131zl\u0131k Tespit S\u0131nav\u0131\u2019nda ter d\u00f6k\u00fcyor. Gecelerini g\u00fcnd\u00fczlerine katan, Kur\u2019an-\u0131 Kerim\u2019i kalplerine nak\u015feden \u00f6\u011frencilerimiz, Bolvadin\u2019in gururu olmak i\u00e7in komisyon kar\u015f\u0131s\u0131na \u00e7\u0131k\u0131yor.<br \/>\n<br \/>Dualar\u0131m\u0131z sizinle evlatlar. Rabbim zihin a\u00e7\u0131kl\u0131\u011f\u0131 versin, dillerinizdeki kelam\u0131 daim eylesin&#8221; ifadelerine yer verildi.<br \/><\/p>\n","protected":false},"excerpt":{"rendered":"<p>Afyonkarahisar\u2019\u0131n Bolvadin il\u00e7esindeki Sultan Carullah Kur\u2019an Kursunda haf\u0131zl\u0131k e\u011fitimini ba\u015far\u0131yla tamamlayan gen\u00e7ler Ankara \u0130l M\u00fcft\u00fcl\u00fc\u011f\u00fc\u2019nde d\u00fczenlenen Haf\u0131zl\u0131k Tespit S\u0131nav\u0131na kat\u0131ld\u0131. Ger\u00e7ekle\u015ftirilen s\u0131nava kursta e\u011fitim alan 10 \u00f6\u011frenci kat\u0131ld\u0131. S\u0131navla ilgili kurs m\u00fcd\u00fcrl\u00fc\u011f\u00fcnden yap\u0131lan yaz\u0131l\u0131 a\u00e7\u0131klamada ise &#8220;Genlerimiz hayallerine bir ad\u0131m daha yakla\u015fmak i\u00e7in Ankara \u0130l M\u00fcft\u00fcl\u00fc\u011f\u00fc\u2019nde d\u00fczenlenen Haf\u0131zl\u0131k Tespit S\u0131nav\u0131\u2019nda ter d\u00f6k\u00fcyor. Gecelerini g\u00fcnd\u00fczlerine katan,&#8230;<\/p>\n","protected":false},"author":1,"featured_media":80601,"comment_status":"open","ping_status":"open","sticky":false,"template":"","format":"standard","meta":{"_crdt_document":"","footnotes":""},"categories":[1],"tags":[],"class_list":["post-80600","post","type-post","status-publish","format-standard","has-post-thumbnail","hentry","category-guncel"],"_links":{"self":[{"href":"https:\/\/www.egemtv.com\/index.php?rest_route=\/wp\/v2\/posts\/80600","targetHints":{"allow":["GET"]}}],"collection":[{"href":"https:\/\/www.egemtv.com\/index.php?rest_route=\/wp\/v2\/posts"}],"about":[{"href":"https:\/\/www.egemtv.com\/index.php?rest_route=\/wp\/v2\/types\/post"}],"author":[{"embeddable":true,"href":"https:\/\/www.egemtv.com\/index.php?rest_route=\/wp\/v2\/users\/1"}],"replies":[{"embeddable":true,"href":"https:\/\/www.egemtv.com\/index.php?rest_route=%2Fwp%2Fv2%2Fcomments&post=80600"}],"version-history":[{"count":1,"href":"https:\/\/www.egemtv.com\/index.php?rest_route=\/wp\/v2\/posts\/80600\/revisions"}],"predecessor-version":[{"id":80602,"href":"https:\/\/www.egemtv.com\/index.php?rest_route=\/wp\/v2\/posts\/80600\/revisions\/80602"}],"wp:featuredmedia":[{"embeddable":true,"href":"https:\/\/www.egemtv.com\/index.php?rest_route=\/wp\/v2\/media\/80601"}],"wp:attachment":[{"href":"https:\/\/www.egemtv.com\/index.php?rest_route=%2Fwp%2Fv2%2Fmedia&parent=80600"}],"wp:term":[{"taxonomy":"category","embeddable":true,"href":"https:\/\/www.egemtv.com\/index.php?rest_route=%2Fwp%2Fv2%2Fcategories&post=80600"},{"taxonomy":"post_tag","embeddable":true,"href":"https:\/\/www.egemtv.com\/index.php?rest_route=%2Fwp%2Fv2%2Ftags&post=80600"}],"curies":[{"name":"wp","href":"https:\/\/api.w.org\/{rel}","templated":true}]}}