{"id":80597,"date":"2026-01-14T10:55:06","date_gmt":"2026-01-14T07:55:06","guid":{"rendered":"https:\/\/www.egemtv.com\/?p=80597"},"modified":"2026-01-14T10:55:07","modified_gmt":"2026-01-14T07:55:07","slug":"okul-sporlari-karate-ve-badminton-il-birinciligi-musabakalari-tamamlandi","status":"publish","type":"post","link":"https:\/\/www.egemtv.com\/?p=80597","title":{"rendered":"Okul sporlar\u0131 karate  ve badminton il birincili\u011fi m\u00fcsabakalar\u0131 tamamland\u0131"},"content":{"rendered":"<p>Ayd\u0131n\u2019da 2025-2026 E\u011fitim \u00d6\u011fretim Y\u0131l\u0131 Okul Sporlar\u0131 Faaliyet Program\u0131 kapsam\u0131nda Gen\u00e7lik ve Spor \u0130l M\u00fcd\u00fcrl\u00fc\u011f\u00fc taraf\u0131ndan d\u00fczenlenen Okullar Aras\u0131 Karate ve Badminton \u0130l Birincili\u011fi m\u00fcsabakalar\u0131 tamamland\u0131.<\/p>\n<p>Ayd\u0131n\u2019da Okullar Aras\u0131 Karate Gen\u00e7ler A-B K\u0131z-Erkek \u0130l Birincili\u011fi M\u00fcsabakalar\u0131 8 okulun kat\u0131l\u0131m\u0131yla Germencik 80. Y\u0131l Spor Salonu\u2019nda ger\u00e7ekle\u015ftirildi. M\u00fcsabakalarda sporcular, centilmence m\u00fccadeleleriyle izleyenlerden takdir toplad\u0131. Ayn\u0131 faaliyet program\u0131 do\u011frultusunda d\u00fczenlenen Okul Sporlar\u0131 Badminton Gen\u00e7 K\u0131zlar-Erkekler \u0130l Birincili\u011fi Yar\u0131\u015fmalar\u0131, Ko\u00e7arl\u0131 il\u00e7esinde ger\u00e7ekle\u015ftirildi. 10 okuldan 50 \u00f6\u011frencinin kat\u0131l\u0131m sa\u011flad\u0131. Yar\u0131\u015fmalar\u0131n ard\u0131ndan d\u00fczenlenen madalya t\u00f6renine Gen\u00e7lik ve Spor \u0130l M\u00fcd\u00fcr\u00fc Serhat Y\u0131\u011fmatepe kat\u0131larak sporculara madalyalar\u0131n\u0131 takdim etti. Y\u0131\u011fmatepe, organize edilen m\u00fcsabakalarda dereceye giren sporcular\u0131 tebrik ederek, grup ve T\u00fcrkiye m\u00fcsabakalar\u0131nda Ayd\u0131n\u2019\u0131 temsil edecek sporculara ba\u015far\u0131lar diledi.<br \/><\/p>\n","protected":false},"excerpt":{"rendered":"<p>Ayd\u0131n\u2019da 2025-2026 E\u011fitim \u00d6\u011fretim Y\u0131l\u0131 Okul Sporlar\u0131 Faaliyet Program\u0131 kapsam\u0131nda Gen\u00e7lik ve Spor \u0130l M\u00fcd\u00fcrl\u00fc\u011f\u00fc taraf\u0131ndan d\u00fczenlenen Okullar Aras\u0131 Karate ve Badminton \u0130l Birincili\u011fi m\u00fcsabakalar\u0131 tamamland\u0131. Ayd\u0131n\u2019da Okullar Aras\u0131 Karate Gen\u00e7ler A-B K\u0131z-Erkek \u0130l Birincili\u011fi M\u00fcsabakalar\u0131 8 okulun kat\u0131l\u0131m\u0131yla Germencik 80. Y\u0131l Spor Salonu\u2019nda ger\u00e7ekle\u015ftirildi. M\u00fcsabakalarda sporcular, centilmence m\u00fccadeleleriyle izleyenlerden takdir toplad\u0131. Ayn\u0131 faaliyet program\u0131&#8230;<\/p>\n","protected":false},"author":1,"featured_media":80598,"comment_status":"open","ping_status":"open","sticky":false,"template":"","format":"standard","meta":{"_crdt_document":"","footnotes":""},"categories":[4],"tags":[],"class_list":["post-80597","post","type-post","status-publish","format-standard","has-post-thumbnail","hentry","category-spor"],"_links":{"self":[{"href":"https:\/\/www.egemtv.com\/index.php?rest_route=\/wp\/v2\/posts\/80597","targetHints":{"allow":["GET"]}}],"collection":[{"href":"https:\/\/www.egemtv.com\/index.php?rest_route=\/wp\/v2\/posts"}],"about":[{"href":"https:\/\/www.egemtv.com\/index.php?rest_route=\/wp\/v2\/types\/post"}],"author":[{"embeddable":true,"href":"https:\/\/www.egemtv.com\/index.php?rest_route=\/wp\/v2\/users\/1"}],"replies":[{"embeddable":true,"href":"https:\/\/www.egemtv.com\/index.php?rest_route=%2Fwp%2Fv2%2Fcomments&post=80597"}],"version-history":[{"count":1,"href":"https:\/\/www.egemtv.com\/index.php?rest_route=\/wp\/v2\/posts\/80597\/revisions"}],"predecessor-version":[{"id":80599,"href":"https:\/\/www.egemtv.com\/index.php?rest_route=\/wp\/v2\/posts\/80597\/revisions\/80599"}],"wp:featuredmedia":[{"embeddable":true,"href":"https:\/\/www.egemtv.com\/index.php?rest_route=\/wp\/v2\/media\/80598"}],"wp:attachment":[{"href":"https:\/\/www.egemtv.com\/index.php?rest_route=%2Fwp%2Fv2%2Fmedia&parent=80597"}],"wp:term":[{"taxonomy":"category","embeddable":true,"href":"https:\/\/www.egemtv.com\/index.php?rest_route=%2Fwp%2Fv2%2Fcategories&post=80597"},{"taxonomy":"post_tag","embeddable":true,"href":"https:\/\/www.egemtv.com\/index.php?rest_route=%2Fwp%2Fv2%2Ftags&post=80597"}],"curies":[{"name":"wp","href":"https:\/\/api.w.org\/{rel}","templated":true}]}}