{"id":80594,"date":"2026-01-14T10:55:05","date_gmt":"2026-01-14T07:55:05","guid":{"rendered":"https:\/\/www.egemtv.com\/?p=80594"},"modified":"2026-01-14T10:55:06","modified_gmt":"2026-01-14T07:55:06","slug":"ogrenciler-ailenin-onemine-oyuncaklarla-dikkat-cekti","status":"publish","type":"post","link":"https:\/\/www.egemtv.com\/?p=80594","title":{"rendered":"\u00d6\u011frenciler \u2019ailenin \u00f6nemine\u2019 oyuncaklarla dikkat \u00e7ekti"},"content":{"rendered":"<p>Aile Y\u0131l\u0131 kapsam\u0131nda \u015eehit Cafer \u0130lkokulu \u00f6\u011frencileri, &#8220;Ailem \u00c7ocukken&#8221; projesiyle ge\u00e7mi\u015ften g\u00fcn\u00fcm\u00fcze uzanan oyuncaklar arac\u0131l\u0131\u011f\u0131yla ailenin toplumdaki \u00f6nemine dikkat \u00e7ekti.<\/p>\n<p>2025 Aile Y\u0131l\u0131 kapsam\u0131nda \u015eehit Cafer \u0130lkokulu taraf\u0131ndan haz\u0131rlanan &#8220;Ailem \u00c7ocukken&#8221; adl\u0131 proje \u00e7er\u00e7evesinde Ge\u00e7mi\u015ften G\u00fcn\u00fcm\u00fcze Oyuncaklar\u0131m\u0131z sergisi d\u00fczenlendi. Serginin a\u00e7\u0131l\u0131\u015f t\u00f6renine Germencik Kaymakam\u0131 Sultan Do\u011fru da kat\u0131ld\u0131. \u00d6\u011frencilerin, aile b\u00fcy\u00fcklerinin \u00e7ocukluk d\u00f6nemlerinde oynad\u0131klar\u0131 oyuncaklar\u0131 g\u00fcn\u00fcm\u00fcze ta\u015f\u0131d\u0131\u011f\u0131 sergide, ge\u00e7mi\u015fle bug\u00fcn aras\u0131nda g\u00fc\u00e7l\u00fc bir ba\u011f kuruldu. Etkinlikte \u00e7ocuklar, aile kavram\u0131n\u0131n ku\u015faklar aras\u0131 aktar\u0131mda ne kadar \u00f6nemli oldu\u011funu kendi haz\u0131rlad\u0131klar\u0131 \u00e7al\u0131\u015fmalarla g\u00f6zler \u00f6n\u00fcne serdi. A\u00e7\u0131l\u0131\u015fta sergiyi gezen ve \u00f6\u011frencilerden bilgi alan Kaymakam Sultan Do\u011fru, projenin hem e\u011fitici hem de de\u011ferler e\u011fitimi a\u00e7\u0131s\u0131ndan anlaml\u0131 oldu\u011funu belirtti. Ailenin toplumun temel ta\u015f\u0131 oldu\u011funa dikkat \u00e7ekilen etkinlikte, \u00f6\u011frencilerin haz\u0131rlad\u0131\u011f\u0131 oyuncaklar ve anlat\u0131mlar b\u00fcy\u00fck be\u011feni toplad\u0131. \u00c7ocuklar\u0131n aile ba\u011flar\u0131n\u0131 g\u00fc\u00e7lendirmeyi ve ge\u00e7mi\u015fe dair fark\u0131ndal\u0131k olu\u015fturmay\u0131 ama\u00e7layan sergiye veliler ve vatanda\u015flar da yo\u011fun ilgi g\u00f6sterdi.<br \/><\/p>\n","protected":false},"excerpt":{"rendered":"<p>Aile Y\u0131l\u0131 kapsam\u0131nda \u015eehit Cafer \u0130lkokulu \u00f6\u011frencileri, &#8220;Ailem \u00c7ocukken&#8221; projesiyle ge\u00e7mi\u015ften g\u00fcn\u00fcm\u00fcze uzanan oyuncaklar arac\u0131l\u0131\u011f\u0131yla ailenin toplumdaki \u00f6nemine dikkat \u00e7ekti. 2025 Aile Y\u0131l\u0131 kapsam\u0131nda \u015eehit Cafer \u0130lkokulu taraf\u0131ndan haz\u0131rlanan &#8220;Ailem \u00c7ocukken&#8221; adl\u0131 proje \u00e7er\u00e7evesinde Ge\u00e7mi\u015ften G\u00fcn\u00fcm\u00fcze Oyuncaklar\u0131m\u0131z sergisi d\u00fczenlendi. Serginin a\u00e7\u0131l\u0131\u015f t\u00f6renine Germencik Kaymakam\u0131 Sultan Do\u011fru da kat\u0131ld\u0131. \u00d6\u011frencilerin, aile b\u00fcy\u00fcklerinin \u00e7ocukluk d\u00f6nemlerinde oynad\u0131klar\u0131 oyuncaklar\u0131&#8230;<\/p>\n","protected":false},"author":1,"featured_media":80595,"comment_status":"open","ping_status":"open","sticky":false,"template":"","format":"standard","meta":{"_crdt_document":"","footnotes":""},"categories":[1],"tags":[],"class_list":["post-80594","post","type-post","status-publish","format-standard","has-post-thumbnail","hentry","category-guncel"],"_links":{"self":[{"href":"https:\/\/www.egemtv.com\/index.php?rest_route=\/wp\/v2\/posts\/80594","targetHints":{"allow":["GET"]}}],"collection":[{"href":"https:\/\/www.egemtv.com\/index.php?rest_route=\/wp\/v2\/posts"}],"about":[{"href":"https:\/\/www.egemtv.com\/index.php?rest_route=\/wp\/v2\/types\/post"}],"author":[{"embeddable":true,"href":"https:\/\/www.egemtv.com\/index.php?rest_route=\/wp\/v2\/users\/1"}],"replies":[{"embeddable":true,"href":"https:\/\/www.egemtv.com\/index.php?rest_route=%2Fwp%2Fv2%2Fcomments&post=80594"}],"version-history":[{"count":1,"href":"https:\/\/www.egemtv.com\/index.php?rest_route=\/wp\/v2\/posts\/80594\/revisions"}],"predecessor-version":[{"id":80596,"href":"https:\/\/www.egemtv.com\/index.php?rest_route=\/wp\/v2\/posts\/80594\/revisions\/80596"}],"wp:featuredmedia":[{"embeddable":true,"href":"https:\/\/www.egemtv.com\/index.php?rest_route=\/wp\/v2\/media\/80595"}],"wp:attachment":[{"href":"https:\/\/www.egemtv.com\/index.php?rest_route=%2Fwp%2Fv2%2Fmedia&parent=80594"}],"wp:term":[{"taxonomy":"category","embeddable":true,"href":"https:\/\/www.egemtv.com\/index.php?rest_route=%2Fwp%2Fv2%2Fcategories&post=80594"},{"taxonomy":"post_tag","embeddable":true,"href":"https:\/\/www.egemtv.com\/index.php?rest_route=%2Fwp%2Fv2%2Ftags&post=80594"}],"curies":[{"name":"wp","href":"https:\/\/api.w.org\/{rel}","templated":true}]}}