{"id":80591,"date":"2026-01-14T10:55:04","date_gmt":"2026-01-14T07:55:04","guid":{"rendered":"https:\/\/www.egemtv.com\/?p=80591"},"modified":"2026-01-14T10:55:05","modified_gmt":"2026-01-14T07:55:05","slug":"turkiye-yuzyili-maarif-modeli-aydinda-masaya-yatirildi","status":"publish","type":"post","link":"https:\/\/www.egemtv.com\/?p=80591","title":{"rendered":"T\u00fcrkiye Y\u00fczy\u0131l\u0131 Maarif Modeli Ayd\u0131n\u2019da masaya yat\u0131r\u0131ld\u0131"},"content":{"rendered":"<p>Ayd\u0131n \u0130l Milli E\u011fitim M\u00fcd\u00fcrl\u00fc\u011f\u00fc koordinesinde y\u00fcr\u00fct\u00fclen proje kapsam\u0131nda d\u00fczenlenen \u00e7al\u0131\u015ftay\u0131n ilk g\u00fcn\u00fcnde, farkl\u0131 il\u00e7elerden gelen biyoloji, fizik ve matematik z\u00fcmre ba\u015fkanlar\u0131 ders kitaplar\u0131 ve \u00f6\u011fretim programlar\u0131n\u0131 de\u011ferlendirdi.<\/p>\n<p>Ayd\u0131n \u0130l Milli E\u011fitim M\u00fcd\u00fcrl\u00fc\u011f\u00fc koordinesinde y\u00fcr\u00fct\u00fclen &#8220;T\u00fcrkiye Y\u00fczy\u0131l\u0131 Maarif Modeli Tasar\u0131mc\u0131lar\u0131 ile \u00d6\u011fretmenler Bulu\u015fuyor&#8221; projesi kapsam\u0131nda d\u00fczenlenen \u00e7al\u0131\u015ftaylar\u0131n ilk g\u00fcn\u00fc tamamland\u0131. Ayd\u0131n Adnan Menderes \u00dcniversitesi\u2019nde ger\u00e7ekle\u015ftirilen \u00e7al\u0131\u015ftaya, Efeler, \u0130ncirliova, K\u00f6\u015fk, Karpuzlu, Ko\u00e7arl\u0131 ve \u00c7ine il\u00e7elerinden resmi ve \u00f6zel liselerde g\u00f6rev yapan biyoloji, fizik ve matematik bran\u015flar\u0131ndaki okul z\u00fcmre ba\u015fkanlar\u0131 kat\u0131ld\u0131. \u00c7al\u0131\u015ftayda, T\u00fcrkiye Y\u00fczy\u0131l\u0131 Maarif Modeli do\u011frultusunda haz\u0131rlanan biyoloji, fizik ve matematik ders kitaplar\u0131 ile \u00f6\u011fretim programlar\u0131 ele al\u0131nd\u0131. \u00d6\u011fretmenler, ders i\u00e7eriklerine y\u00f6nelik g\u00f6r\u00fc\u015f, \u00f6neri ve de\u011ferlendirmelerini payla\u015farak s\u00fcrece katk\u0131 sundu. Ayd\u0131n \u0130l Milli E\u011fitim M\u00fcd\u00fcrl\u00fc\u011f\u00fc Ar-Ge Birimi taraf\u0131ndan y\u00fcr\u00fct\u00fclen \u00e7al\u0131\u015ftaylar\u0131n, ilerleyen g\u00fcnlerde de farkl\u0131 bran\u015flardan \u00f6\u011fretmenlerin kat\u0131l\u0131m\u0131yla devam edece\u011fi bildirildi.<br \/><\/p>\n","protected":false},"excerpt":{"rendered":"<p>Ayd\u0131n \u0130l Milli E\u011fitim M\u00fcd\u00fcrl\u00fc\u011f\u00fc koordinesinde y\u00fcr\u00fct\u00fclen proje kapsam\u0131nda d\u00fczenlenen \u00e7al\u0131\u015ftay\u0131n ilk g\u00fcn\u00fcnde, farkl\u0131 il\u00e7elerden gelen biyoloji, fizik ve matematik z\u00fcmre ba\u015fkanlar\u0131 ders kitaplar\u0131 ve \u00f6\u011fretim programlar\u0131n\u0131 de\u011ferlendirdi. Ayd\u0131n \u0130l Milli E\u011fitim M\u00fcd\u00fcrl\u00fc\u011f\u00fc koordinesinde y\u00fcr\u00fct\u00fclen &#8220;T\u00fcrkiye Y\u00fczy\u0131l\u0131 Maarif Modeli Tasar\u0131mc\u0131lar\u0131 ile \u00d6\u011fretmenler Bulu\u015fuyor&#8221; projesi kapsam\u0131nda d\u00fczenlenen \u00e7al\u0131\u015ftaylar\u0131n ilk g\u00fcn\u00fc tamamland\u0131. Ayd\u0131n Adnan Menderes \u00dcniversitesi\u2019nde ger\u00e7ekle\u015ftirilen&#8230;<\/p>\n","protected":false},"author":1,"featured_media":80592,"comment_status":"open","ping_status":"open","sticky":false,"template":"","format":"standard","meta":{"_crdt_document":"","footnotes":""},"categories":[1],"tags":[],"class_list":["post-80591","post","type-post","status-publish","format-standard","has-post-thumbnail","hentry","category-guncel"],"_links":{"self":[{"href":"https:\/\/www.egemtv.com\/index.php?rest_route=\/wp\/v2\/posts\/80591","targetHints":{"allow":["GET"]}}],"collection":[{"href":"https:\/\/www.egemtv.com\/index.php?rest_route=\/wp\/v2\/posts"}],"about":[{"href":"https:\/\/www.egemtv.com\/index.php?rest_route=\/wp\/v2\/types\/post"}],"author":[{"embeddable":true,"href":"https:\/\/www.egemtv.com\/index.php?rest_route=\/wp\/v2\/users\/1"}],"replies":[{"embeddable":true,"href":"https:\/\/www.egemtv.com\/index.php?rest_route=%2Fwp%2Fv2%2Fcomments&post=80591"}],"version-history":[{"count":1,"href":"https:\/\/www.egemtv.com\/index.php?rest_route=\/wp\/v2\/posts\/80591\/revisions"}],"predecessor-version":[{"id":80593,"href":"https:\/\/www.egemtv.com\/index.php?rest_route=\/wp\/v2\/posts\/80591\/revisions\/80593"}],"wp:featuredmedia":[{"embeddable":true,"href":"https:\/\/www.egemtv.com\/index.php?rest_route=\/wp\/v2\/media\/80592"}],"wp:attachment":[{"href":"https:\/\/www.egemtv.com\/index.php?rest_route=%2Fwp%2Fv2%2Fmedia&parent=80591"}],"wp:term":[{"taxonomy":"category","embeddable":true,"href":"https:\/\/www.egemtv.com\/index.php?rest_route=%2Fwp%2Fv2%2Fcategories&post=80591"},{"taxonomy":"post_tag","embeddable":true,"href":"https:\/\/www.egemtv.com\/index.php?rest_route=%2Fwp%2Fv2%2Ftags&post=80591"}],"curies":[{"name":"wp","href":"https:\/\/api.w.org\/{rel}","templated":true}]}}