{"id":80573,"date":"2026-01-14T10:14:56","date_gmt":"2026-01-14T07:14:56","guid":{"rendered":"https:\/\/www.egemtv.com\/?p=80573"},"modified":"2026-01-14T10:14:57","modified_gmt":"2026-01-14T07:14:57","slug":"kutahya-belediyesi-personeline-disiplin-mevzuati-egitimi","status":"publish","type":"post","link":"https:\/\/www.egemtv.com\/?p=80573","title":{"rendered":"K\u00fctahya Belediyesi personeline disiplin mevzuat\u0131 e\u011fitimi"},"content":{"rendered":"<p>K\u00fctahya Belediyesi\u2019nde g\u00f6rev yapan kamu personeline y\u00f6nelik olarak, mesleki geli\u015fimi desteklemek amac\u0131yla &#8220;657 Say\u0131l\u0131 Devlet Memurlar\u0131 Kanunu Disiplin H\u00fck\u00fcmleri&#8221; kapsam\u0131nda e\u011fitim program\u0131 d\u00fczenlendi.<br \/>\n<br \/>K\u00fctahya Belediye Ba\u015fkan\u0131 Ey\u00fcp Kahveci\u2019nin kat\u0131l\u0131m\u0131yla ger\u00e7ekle\u015ftirilen e\u011fitim, K\u00fctahya Dumlup\u0131nar \u00dcniversitesi Lisans\u00fcst\u00fc E\u011fitim Enstit\u00fcs\u00fc M\u00fcd\u00fcr\u00fc Prof. Dr. Eray Acar taraf\u0131ndan verildi. Programda kamu g\u00f6revlilerinin g\u00f6rev, yetki ve sorumluluklar\u0131, disiplin h\u00fck\u00fcmlerinin dayand\u0131\u011f\u0131 mevzuat, disiplin su\u00e7lar\u0131 ile uygulanacak yapt\u0131r\u0131mlar ayr\u0131nt\u0131l\u0131 \u015fekilde ele al\u0131nd\u0131.<br \/>\n<br \/>E\u011fitim s\u00fcresince disiplin s\u00fcre\u00e7lerinde dikkat edilmesi gereken hususlar \u00f6rneklerle aktar\u0131l\u0131rken, kamu hizmetlerinde etik anlay\u0131\u015f\u0131n, kurumsal d\u00fczenin ve hukuka uygunlu\u011fun \u00f6nemi vurguland\u0131. Personelin sorular\u0131n\u0131n da yan\u0131tland\u0131\u011f\u0131 program, kar\u015f\u0131l\u0131kl\u0131 bilgi al\u0131\u015fveri\u015fiyle tamamland\u0131.<br \/>\n<br \/>Program sonunda Belediye Ba\u015fkan\u0131 Ey\u00fcp Kahveci, katk\u0131lar\u0131ndan dolay\u0131 Prof. Dr. Eray Acar\u2019a te\u015fekk\u00fcr ederek plaket takdim etti.<br \/><\/p>\n","protected":false},"excerpt":{"rendered":"<p>K\u00fctahya Belediyesi\u2019nde g\u00f6rev yapan kamu personeline y\u00f6nelik olarak, mesleki geli\u015fimi desteklemek amac\u0131yla &#8220;657 Say\u0131l\u0131 Devlet Memurlar\u0131 Kanunu Disiplin H\u00fck\u00fcmleri&#8221; kapsam\u0131nda e\u011fitim program\u0131 d\u00fczenlendi. K\u00fctahya Belediye Ba\u015fkan\u0131 Ey\u00fcp Kahveci\u2019nin kat\u0131l\u0131m\u0131yla ger\u00e7ekle\u015ftirilen e\u011fitim, K\u00fctahya Dumlup\u0131nar \u00dcniversitesi Lisans\u00fcst\u00fc E\u011fitim Enstit\u00fcs\u00fc M\u00fcd\u00fcr\u00fc Prof. Dr. Eray Acar taraf\u0131ndan verildi. Programda kamu g\u00f6revlilerinin g\u00f6rev, yetki ve sorumluluklar\u0131, disiplin h\u00fck\u00fcmlerinin dayand\u0131\u011f\u0131 mevzuat,&#8230;<\/p>\n","protected":false},"author":1,"featured_media":80574,"comment_status":"open","ping_status":"open","sticky":false,"template":"","format":"standard","meta":{"_crdt_document":"","footnotes":""},"categories":[1],"tags":[],"class_list":["post-80573","post","type-post","status-publish","format-standard","has-post-thumbnail","hentry","category-guncel"],"_links":{"self":[{"href":"https:\/\/www.egemtv.com\/index.php?rest_route=\/wp\/v2\/posts\/80573","targetHints":{"allow":["GET"]}}],"collection":[{"href":"https:\/\/www.egemtv.com\/index.php?rest_route=\/wp\/v2\/posts"}],"about":[{"href":"https:\/\/www.egemtv.com\/index.php?rest_route=\/wp\/v2\/types\/post"}],"author":[{"embeddable":true,"href":"https:\/\/www.egemtv.com\/index.php?rest_route=\/wp\/v2\/users\/1"}],"replies":[{"embeddable":true,"href":"https:\/\/www.egemtv.com\/index.php?rest_route=%2Fwp%2Fv2%2Fcomments&post=80573"}],"version-history":[{"count":1,"href":"https:\/\/www.egemtv.com\/index.php?rest_route=\/wp\/v2\/posts\/80573\/revisions"}],"predecessor-version":[{"id":80575,"href":"https:\/\/www.egemtv.com\/index.php?rest_route=\/wp\/v2\/posts\/80573\/revisions\/80575"}],"wp:featuredmedia":[{"embeddable":true,"href":"https:\/\/www.egemtv.com\/index.php?rest_route=\/wp\/v2\/media\/80574"}],"wp:attachment":[{"href":"https:\/\/www.egemtv.com\/index.php?rest_route=%2Fwp%2Fv2%2Fmedia&parent=80573"}],"wp:term":[{"taxonomy":"category","embeddable":true,"href":"https:\/\/www.egemtv.com\/index.php?rest_route=%2Fwp%2Fv2%2Fcategories&post=80573"},{"taxonomy":"post_tag","embeddable":true,"href":"https:\/\/www.egemtv.com\/index.php?rest_route=%2Fwp%2Fv2%2Ftags&post=80573"}],"curies":[{"name":"wp","href":"https:\/\/api.w.org\/{rel}","templated":true}]}}