{"id":80570,"date":"2026-01-14T10:14:55","date_gmt":"2026-01-14T07:14:55","guid":{"rendered":"https:\/\/www.egemtv.com\/?p=80570"},"modified":"2026-01-14T10:14:56","modified_gmt":"2026-01-14T07:14:56","slug":"dumlupinarda-objektifimden-dumlupinar-fotograf-yarismasinin-odulleri-sahiplerini-buldu","status":"publish","type":"post","link":"https:\/\/www.egemtv.com\/?p=80570","title":{"rendered":"Dumlup\u0131nar\u2019da &#8220;Objektifimden Dumlup\u0131nar&#8221; foto\u011fraf yar\u0131\u015fmas\u0131n\u0131n \u00f6d\u00fclleri sahiplerini buldu"},"content":{"rendered":"<p>K\u00fctahya\u2019n\u0131n Dumlup\u0131nar \u0130l\u00e7e Kaymakaml\u0131\u011f\u0131 ile Y\u00fcz\u00fcnc\u00fc Y\u0131l Tarih K\u00fclt\u00fcr Sanat ve Foto\u011fraf Derne\u011fi taraf\u0131ndan d\u00fczenlenen &#8220;Objektifimden Dumlup\u0131nar&#8221; temal\u0131 foto\u011fraf yar\u0131\u015fmas\u0131nda dereceye giren yar\u0131\u015fmac\u0131lar i\u00e7in \u00f6d\u00fcl t\u00f6reni ger\u00e7ekle\u015ftirildi.<br \/>\n<br \/>Dumlup\u0131nar Diorama M\u00fczesi\u2019nde d\u00fczenlenen t\u00f6rende, yar\u0131\u015fmada birinci olan Hasan H\u00fcseyin \u00dcnal, ikinci olan Murat Can D\u00fczdar ve \u00fc\u00e7\u00fcnc\u00fc olan Yunus Ye\u015filp\u0131nar\u2019a \u00f6d\u00fclleri Dumlup\u0131nar Kaymakam\u0131 Alperen Teltik taraf\u0131ndan takdim edildi.<br \/>\n<br \/>Y\u00fcz\u00fcnc\u00fc Y\u0131l Tarih K\u00fclt\u00fcr Sanat ve Foto\u011fraf Derne\u011fi Ba\u015fkan\u0131 Ya\u015far Sayg\u0131l\u0131 ise mansiyon \u00f6d\u00fcl\u00fc kazanan \u00d6zge G\u00fcng\u00f6r, \u00d6zlem \u00dcnal ve \u00d6zkan Y\u0131ld\u0131z\u2019a \u00f6d\u00fcllerini verdi. \u0130\u015f insan\u0131 Emin Y\u00fcce de kat\u0131l\u0131mc\u0131lara Keramika hediyeleri sunarak yar\u0131\u015fmaya katk\u0131 sa\u011flad\u0131.<br \/>\n<br \/>Yar\u0131\u015fman\u0131n j\u00fcri \u00fcyeliklerini; Dr. \u00d6\u011fr. \u00dcyesi Samet Giray Tunca, Dumlup\u0131nar \u0130l\u00e7e Milli E\u011fitim M\u00fcd\u00fcr\u00fc Salim Karabo\u011fa, K\u00fctahya K\u00fclt\u00fcr ve Sanat Derne\u011fi (K\u00dcSAD) Y\u00f6netim Kurulu \u00dcyesi Ahmet Bitirim, Y\u00fcz\u00fcnc\u00fc Y\u0131l Tarih K\u00fclt\u00fcr Sanat ve Foto\u011fraf Derne\u011fi Ba\u015fkan Yard\u0131mc\u0131s\u0131 Amil \u00dc\u00e7ba\u015f ile y\u00f6netim kurulu \u00fcyeleri Abdulkadir Akta\u015f ve Haluk \u0130nal yapt\u0131.<br \/><\/p>\n","protected":false},"excerpt":{"rendered":"<p>K\u00fctahya\u2019n\u0131n Dumlup\u0131nar \u0130l\u00e7e Kaymakaml\u0131\u011f\u0131 ile Y\u00fcz\u00fcnc\u00fc Y\u0131l Tarih K\u00fclt\u00fcr Sanat ve Foto\u011fraf Derne\u011fi taraf\u0131ndan d\u00fczenlenen &#8220;Objektifimden Dumlup\u0131nar&#8221; temal\u0131 foto\u011fraf yar\u0131\u015fmas\u0131nda dereceye giren yar\u0131\u015fmac\u0131lar i\u00e7in \u00f6d\u00fcl t\u00f6reni ger\u00e7ekle\u015ftirildi. Dumlup\u0131nar Diorama M\u00fczesi\u2019nde d\u00fczenlenen t\u00f6rende, yar\u0131\u015fmada birinci olan Hasan H\u00fcseyin \u00dcnal, ikinci olan Murat Can D\u00fczdar ve \u00fc\u00e7\u00fcnc\u00fc olan Yunus Ye\u015filp\u0131nar\u2019a \u00f6d\u00fclleri Dumlup\u0131nar Kaymakam\u0131 Alperen Teltik taraf\u0131ndan takdim&#8230;<\/p>\n","protected":false},"author":1,"featured_media":80571,"comment_status":"open","ping_status":"open","sticky":false,"template":"","format":"standard","meta":{"_crdt_document":"","footnotes":""},"categories":[1],"tags":[],"class_list":["post-80570","post","type-post","status-publish","format-standard","has-post-thumbnail","hentry","category-guncel"],"_links":{"self":[{"href":"https:\/\/www.egemtv.com\/index.php?rest_route=\/wp\/v2\/posts\/80570","targetHints":{"allow":["GET"]}}],"collection":[{"href":"https:\/\/www.egemtv.com\/index.php?rest_route=\/wp\/v2\/posts"}],"about":[{"href":"https:\/\/www.egemtv.com\/index.php?rest_route=\/wp\/v2\/types\/post"}],"author":[{"embeddable":true,"href":"https:\/\/www.egemtv.com\/index.php?rest_route=\/wp\/v2\/users\/1"}],"replies":[{"embeddable":true,"href":"https:\/\/www.egemtv.com\/index.php?rest_route=%2Fwp%2Fv2%2Fcomments&post=80570"}],"version-history":[{"count":1,"href":"https:\/\/www.egemtv.com\/index.php?rest_route=\/wp\/v2\/posts\/80570\/revisions"}],"predecessor-version":[{"id":80572,"href":"https:\/\/www.egemtv.com\/index.php?rest_route=\/wp\/v2\/posts\/80570\/revisions\/80572"}],"wp:featuredmedia":[{"embeddable":true,"href":"https:\/\/www.egemtv.com\/index.php?rest_route=\/wp\/v2\/media\/80571"}],"wp:attachment":[{"href":"https:\/\/www.egemtv.com\/index.php?rest_route=%2Fwp%2Fv2%2Fmedia&parent=80570"}],"wp:term":[{"taxonomy":"category","embeddable":true,"href":"https:\/\/www.egemtv.com\/index.php?rest_route=%2Fwp%2Fv2%2Fcategories&post=80570"},{"taxonomy":"post_tag","embeddable":true,"href":"https:\/\/www.egemtv.com\/index.php?rest_route=%2Fwp%2Fv2%2Ftags&post=80570"}],"curies":[{"name":"wp","href":"https:\/\/api.w.org\/{rel}","templated":true}]}}