{"id":80567,"date":"2026-01-14T09:54:52","date_gmt":"2026-01-14T06:54:52","guid":{"rendered":"https:\/\/www.egemtv.com\/?p=80567"},"modified":"2026-01-14T09:54:53","modified_gmt":"2026-01-14T06:54:53","slug":"aydinin-ihracati-bir-yilda-2-milyar-dolarak-yaklasti","status":"publish","type":"post","link":"https:\/\/www.egemtv.com\/?p=80567","title":{"rendered":"Ayd\u0131n\u2019\u0131n ihracat\u0131 bir y\u0131lda 2 milyar dolarak yakla\u015ft\u0131"},"content":{"rendered":"<p>\u00d6nemli ihracat \u00fcr\u00fcnleriyle T\u00fcrkiye ekonomisine katk\u0131 sa\u011flayan Ayd\u0131n\u2019\u0131n 2025 y\u0131l\u0131 ihracat\u0131 2 milyar dolara yakla\u015ft\u0131.<\/p>\n<p>T\u00fcrkiye\u2019nin ihracat\u0131 2025 y\u0131l\u0131nda y\u00fczde 4,5\u2019luk art\u0131\u015fla 261,7 milyar dolardan 273,4 milyon dolara \u00e7\u0131karken, Ege B\u00f6lgesi\u2019nin ihracat art\u0131\u015f h\u0131z\u0131 y\u00fczde 0,6\u2019da kald\u0131. Ege B\u00f6lgesi, 2025 y\u0131l\u0131nda T\u00fcrkiye\u2019ye 43,7 milyar dolar kazand\u0131r\u0131rken T\u00fcrkiye\u2019nin ihracat art\u0131\u015f\u0131ndan pay\u0131na d\u00fc\u015feni alamad\u0131. Ticaret Bakanl\u0131\u011f\u0131 2025 y\u0131l\u0131na ait faaliyet illerine g\u00f6re ihracat istatistiklerini yay\u0131nlad\u0131. \u0130statistiklere g\u00f6re \u0130zmir, Manisa, Denizli, Bal\u0131kesir, Ayd\u0131n, Mu\u011fla, K\u00fctahya, Afyonkarahisar ve U\u015fak\u2019\u0131n 2024 y\u0131l\u0131nda 43,4 milyar dolar olan ihracat\u0131 2025 y\u0131l\u0131nda 43,7 milyar dolar olarak kay\u0131t alt\u0131na al\u0131nd\u0131. Ege B\u00f6lgesi\u2019nin 2024 y\u0131l\u0131 Aral\u0131k ay\u0131 ihracat\u0131 3 milyar 872 milyon dolar iken, 2025\u2019in aral\u0131\u011f\u0131ndaki ihracat\u0131 y\u00fczde 2,7\u2019lik azal\u0131\u015fla 3 milyar 768 milyon dolara geriledi.<\/p>\n<p>Bu kapsamda Ayd\u0131n, 2025 y\u0131l\u0131nda ihracat\u0131n\u0131 y\u00fczde 4\u2019l\u00fck art\u0131\u015fla 1 milyar 848 milyon dolardan 1 milyar 1925 milyon dolara y\u00fckseltti. Ayd\u0131n, 2026 y\u0131l\u0131nda ihracat\u0131n\u0131 2 milyar dolar\u0131n \u00fczerine \u00e7\u0131karmak i\u00e7in m\u00fccadele edecek.<br \/><\/p>\n","protected":false},"excerpt":{"rendered":"<p>\u00d6nemli ihracat \u00fcr\u00fcnleriyle T\u00fcrkiye ekonomisine katk\u0131 sa\u011flayan Ayd\u0131n\u2019\u0131n 2025 y\u0131l\u0131 ihracat\u0131 2 milyar dolara yakla\u015ft\u0131. T\u00fcrkiye\u2019nin ihracat\u0131 2025 y\u0131l\u0131nda y\u00fczde 4,5\u2019luk art\u0131\u015fla 261,7 milyar dolardan 273,4 milyon dolara \u00e7\u0131karken, Ege B\u00f6lgesi\u2019nin ihracat art\u0131\u015f h\u0131z\u0131 y\u00fczde 0,6\u2019da kald\u0131. Ege B\u00f6lgesi, 2025 y\u0131l\u0131nda T\u00fcrkiye\u2019ye 43,7 milyar dolar kazand\u0131r\u0131rken T\u00fcrkiye\u2019nin ihracat art\u0131\u015f\u0131ndan pay\u0131na d\u00fc\u015feni alamad\u0131. Ticaret Bakanl\u0131\u011f\u0131 2025&#8230;<\/p>\n","protected":false},"author":1,"featured_media":80568,"comment_status":"open","ping_status":"open","sticky":false,"template":"","format":"standard","meta":{"_crdt_document":"","footnotes":""},"categories":[125],"tags":[],"class_list":["post-80567","post","type-post","status-publish","format-standard","has-post-thumbnail","hentry","category-ekonomi"],"_links":{"self":[{"href":"https:\/\/www.egemtv.com\/index.php?rest_route=\/wp\/v2\/posts\/80567","targetHints":{"allow":["GET"]}}],"collection":[{"href":"https:\/\/www.egemtv.com\/index.php?rest_route=\/wp\/v2\/posts"}],"about":[{"href":"https:\/\/www.egemtv.com\/index.php?rest_route=\/wp\/v2\/types\/post"}],"author":[{"embeddable":true,"href":"https:\/\/www.egemtv.com\/index.php?rest_route=\/wp\/v2\/users\/1"}],"replies":[{"embeddable":true,"href":"https:\/\/www.egemtv.com\/index.php?rest_route=%2Fwp%2Fv2%2Fcomments&post=80567"}],"version-history":[{"count":1,"href":"https:\/\/www.egemtv.com\/index.php?rest_route=\/wp\/v2\/posts\/80567\/revisions"}],"predecessor-version":[{"id":80569,"href":"https:\/\/www.egemtv.com\/index.php?rest_route=\/wp\/v2\/posts\/80567\/revisions\/80569"}],"wp:featuredmedia":[{"embeddable":true,"href":"https:\/\/www.egemtv.com\/index.php?rest_route=\/wp\/v2\/media\/80568"}],"wp:attachment":[{"href":"https:\/\/www.egemtv.com\/index.php?rest_route=%2Fwp%2Fv2%2Fmedia&parent=80567"}],"wp:term":[{"taxonomy":"category","embeddable":true,"href":"https:\/\/www.egemtv.com\/index.php?rest_route=%2Fwp%2Fv2%2Fcategories&post=80567"},{"taxonomy":"post_tag","embeddable":true,"href":"https:\/\/www.egemtv.com\/index.php?rest_route=%2Fwp%2Fv2%2Ftags&post=80567"}],"curies":[{"name":"wp","href":"https:\/\/api.w.org\/{rel}","templated":true}]}}