{"id":80564,"date":"2026-01-14T09:35:39","date_gmt":"2026-01-14T06:35:39","guid":{"rendered":"https:\/\/www.egemtv.com\/?p=80564"},"modified":"2026-01-14T09:35:40","modified_gmt":"2026-01-14T06:35:40","slug":"anadolu-ilham-verdi-makarna-altin-getirdi","status":"publish","type":"post","link":"https:\/\/www.egemtv.com\/?p=80564","title":{"rendered":"Anadolu ilham verdi, makarna alt\u0131n getirdi"},"content":{"rendered":"<p>Anadolu\u2019nun y\u00f6resel tatlar\u0131n\u0131 makarnada yorumlayan gastronomi \u00f6\u011frencisi Sena Kollar uluslararas\u0131 yar\u0131\u015fmada alt\u0131n madalya kazand\u0131.<br \/>\n<br \/>\u0130stanbul Uluslararas\u0131 Gastronomi Festivali\u2019nde yar\u0131\u015fan Ya\u015far \u00dcniversitesi Gastronomi ve Mutfak Sanatlar\u0131 B\u00f6l\u00fcm\u00fc \u00f6\u011frencisi Sena Kollar, alt\u0131n madalya kazanarak \u00f6nemli bir ba\u015far\u0131 elde etti. Gen\u00e7 lezzet ustas\u0131 sergiledi\u011fi yetenek ve pi\u015firdi\u011fi lezzet ile mutfak d\u00fcnyas\u0131nda ses getiren bir yenili\u011fe imza att\u0131. Sena Kollar, uluslararas\u0131 d\u00fczeyde ger\u00e7ekle\u015ftirilen yar\u0131\u015fmada makarna kategorisinde yapt\u0131\u011f\u0131 tarifle alt\u0131n madalya kazanarak 15 yar\u0131\u015fmac\u0131 aras\u0131ndan birinci se\u00e7ildi.<\/p>\n<p>Lezzet k\u00f6pr\u00fcs\u00fc<br \/>\n<br \/>J\u00fcriye sundu\u011fu &#8220;Harmony&#8221; adl\u0131 taba\u011f\u0131yla \u00f6ne \u00e7\u0131kan Ya\u015far \u00dcniversitesi Gastronomi ve Mutfak Sanatlar\u0131 B\u00f6l\u00fcm\u00fc \u00f6\u011frencisi Sena Kollar, \u0130talyan mutfa\u011f\u0131n\u0131n karakteristik lezzetlerini yerel \u00fcr\u00fcnlerle bulu\u015fturmay\u0131 hedefledi. Tabakta armut, Erzurum ve Konya k\u00fcfl\u00fc peynirleri, ceviz ile bal-kaymak uyumunu makarna formunda yorumlayan gen\u00e7 \u015fef, farkl\u0131 mutfak k\u00fclt\u00fcrleri aras\u0131nda dengeli ve \u00f6zg\u00fcn bir lezzet k\u00f6pr\u00fcs\u00fc kurmay\u0131 ama\u00e7lad\u0131.<br \/>\n<br \/>Makarnaya y\u00f6nelik ilgisinin, \u0130talya\u2019da ger\u00e7ekle\u015ftirdi\u011fi staj s\u00fcrecinde g\u00fc\u00e7lendi\u011fini belirten gen\u00e7 \u015fef, aylar s\u00fcren haz\u0131rl\u0131k ve eme\u011fin prestijli bir \u00f6d\u00fclle ta\u00e7land\u0131r\u0131lmas\u0131n\u0131n kendisi i\u00e7in motivasyon kayna\u011f\u0131 oldu\u011funu ifade etti. Kollar, &#8220;Aylarca \u00fczerinde d\u00fc\u015f\u00fcnd\u00fc\u011f\u00fcm ve \u00e7al\u0131\u015ft\u0131\u011f\u0131m bir taba\u011f\u0131n b\u00f6yle \u00f6nemli bir \u00f6d\u00fclle kar\u015f\u0131l\u0131k bulmas\u0131 beni hem \u00e7ok mutlu etti hem de onurland\u0131rd\u0131. Gelecekte kendimi daha da geli\u015ftirerek, kendi restoran\u0131m\u0131 kurmay\u0131 hedefliyorum&#8221; diye konu\u015ftu.<br \/><\/p>\n","protected":false},"excerpt":{"rendered":"<p>Anadolu\u2019nun y\u00f6resel tatlar\u0131n\u0131 makarnada yorumlayan gastronomi \u00f6\u011frencisi Sena Kollar uluslararas\u0131 yar\u0131\u015fmada alt\u0131n madalya kazand\u0131. \u0130stanbul Uluslararas\u0131 Gastronomi Festivali\u2019nde yar\u0131\u015fan Ya\u015far \u00dcniversitesi Gastronomi ve Mutfak Sanatlar\u0131 B\u00f6l\u00fcm\u00fc \u00f6\u011frencisi Sena Kollar, alt\u0131n madalya kazanarak \u00f6nemli bir ba\u015far\u0131 elde etti. Gen\u00e7 lezzet ustas\u0131 sergiledi\u011fi yetenek ve pi\u015firdi\u011fi lezzet ile mutfak d\u00fcnyas\u0131nda ses getiren bir yenili\u011fe imza att\u0131. Sena&#8230;<\/p>\n","protected":false},"author":1,"featured_media":80565,"comment_status":"open","ping_status":"open","sticky":false,"template":"","format":"standard","meta":{"_crdt_document":"","footnotes":""},"categories":[1],"tags":[],"class_list":["post-80564","post","type-post","status-publish","format-standard","has-post-thumbnail","hentry","category-guncel"],"_links":{"self":[{"href":"https:\/\/www.egemtv.com\/index.php?rest_route=\/wp\/v2\/posts\/80564","targetHints":{"allow":["GET"]}}],"collection":[{"href":"https:\/\/www.egemtv.com\/index.php?rest_route=\/wp\/v2\/posts"}],"about":[{"href":"https:\/\/www.egemtv.com\/index.php?rest_route=\/wp\/v2\/types\/post"}],"author":[{"embeddable":true,"href":"https:\/\/www.egemtv.com\/index.php?rest_route=\/wp\/v2\/users\/1"}],"replies":[{"embeddable":true,"href":"https:\/\/www.egemtv.com\/index.php?rest_route=%2Fwp%2Fv2%2Fcomments&post=80564"}],"version-history":[{"count":1,"href":"https:\/\/www.egemtv.com\/index.php?rest_route=\/wp\/v2\/posts\/80564\/revisions"}],"predecessor-version":[{"id":80566,"href":"https:\/\/www.egemtv.com\/index.php?rest_route=\/wp\/v2\/posts\/80564\/revisions\/80566"}],"wp:featuredmedia":[{"embeddable":true,"href":"https:\/\/www.egemtv.com\/index.php?rest_route=\/wp\/v2\/media\/80565"}],"wp:attachment":[{"href":"https:\/\/www.egemtv.com\/index.php?rest_route=%2Fwp%2Fv2%2Fmedia&parent=80564"}],"wp:term":[{"taxonomy":"category","embeddable":true,"href":"https:\/\/www.egemtv.com\/index.php?rest_route=%2Fwp%2Fv2%2Fcategories&post=80564"},{"taxonomy":"post_tag","embeddable":true,"href":"https:\/\/www.egemtv.com\/index.php?rest_route=%2Fwp%2Fv2%2Ftags&post=80564"}],"curies":[{"name":"wp","href":"https:\/\/api.w.org\/{rel}","templated":true}]}}