{"id":80453,"date":"2026-01-13T15:54:48","date_gmt":"2026-01-13T12:54:48","guid":{"rendered":"https:\/\/www.egemtv.com\/?p=80453"},"modified":"2026-01-13T15:54:49","modified_gmt":"2026-01-13T12:54:49","slug":"pamukkale-belediye-baskani-ertemur-basin-vatandasla-aramizdaki-en-guclu-koprudur","status":"publish","type":"post","link":"https:\/\/www.egemtv.com\/?p=80453","title":{"rendered":"Pamukkale Belediye Ba\u015fkan\u0131 Ertemur; &#8220;Bas\u0131n vatanda\u015fla aram\u0131zdaki en g\u00fc\u00e7l\u00fc k\u00f6pr\u00fcd\u00fcr&#8221;"},"content":{"rendered":"<p>Pamukkale Belediye Ba\u015fkan\u0131 Ali R\u0131za Ertemur, 10 Ocak \u00c7al\u0131\u015fan Gazeteciler G\u00fcn\u00fc dolay\u0131s\u0131yla Denizli bas\u0131n\u0131 ile bir araya geldi. Bas\u0131n\u0131n demokrasinin temel ta\u015f\u0131 oldu\u011funu vurgulayan Ertemur, &#8220;Sizler bizim g\u00f6z\u00fcm\u00fcz, kula\u011f\u0131m\u0131z ve vatanda\u015fla aram\u0131zdaki en g\u00fc\u00e7l\u00fc k\u00f6pr\u00fcs\u00fcn\u00fcz&#8221; dedi.<\/p>\n<p>Pamukkale Belediye Ba\u015fkan\u0131 Ali R\u0131za Ertemur, 10 Ocak \u00c7al\u0131\u015fan Gazeteciler G\u00fcn\u00fc kapsam\u0131nda Denizli\u2019de g\u00f6rev yapan yerel ve ulusal bas\u0131n temsilcilerini Pamuk Kafe \u00dcniversite\u2019de a\u011f\u0131rlad\u0131. Programa Denizli Gazeteciler Cemiyeti Ba\u015fkan\u0131 Osman Nuri Boyac\u0131, Belediye Ba\u015fkan Yard\u0131mc\u0131lar\u0131 Himmet Yava\u015f, Av. U\u011fur \u00c7izmecio\u011flu, G\u00fcrhan Derek\u00f6y ve \u00e7ok say\u0131da bas\u0131n mensubu kat\u0131ld\u0131.<\/p>\n<p>&#8220;Bas\u0131n meslek yasas\u0131 bir an \u00f6nce \u00e7\u0131kar\u0131lmal\u0131&#8221;<br \/>\n<br \/>Programda konu\u015fan Denizli Gazeteciler Cemiyeti Ba\u015fkan\u0131 Osman Nuri Boyac\u0131, 10 Ocak etkinlikleri kapsam\u0131nda son bulu\u015fmay\u0131 ger\u00e7ekle\u015ftirdiklerini belirtti. Gazetecilerin zor \u015fartlar alt\u0131nda kamuoyunu bilgilendirdi\u011fini ifade eden Boyac\u0131, sekt\u00f6r\u00fcn sorunlar\u0131na dikkat \u00e7ekerek \u015funlar\u0131 s\u00f6yledi:<br \/>\n<br \/>&#8220;Bas\u0131n Meslek Yasas\u0131\u2019n\u0131n bir an \u00f6nce \u00e7\u0131kar\u0131lmas\u0131 ve bas\u0131n \u00f6zg\u00fcrl\u00fc\u011f\u00fcn\u00fc k\u0131s\u0131tlayan d\u00fczenlemelerin g\u00f6zden ge\u00e7irilmesi gerekiyor. Artan maliyetler nedeniyle kurulu\u015flar\u0131m\u0131z ciddi ekonomik sorunlar ya\u015f\u0131yor. T\u00fcm meslekta\u015flar\u0131m\u0131n g\u00fcn\u00fcn\u00fc kutluyor, nazik ev sahipli\u011fi i\u00e7in Ba\u015fkan Ertemur\u2019a te\u015fekk\u00fcr ediyorum.&#8221;<\/p>\n<p>Ba\u015fkan Ertemur: &#8220;Bas\u0131n bizim i\u00e7in bir ailedir&#8221;<br \/>\n<br \/>Gazetecilik mesle\u011finin zorlu\u011funa ve \u00f6nemine de\u011finen Pamukkale Belediye Ba\u015fkan\u0131 Ali R\u0131za Ertemur, bas\u0131n camias\u0131n\u0131 bir &#8220;aile&#8221; olarak g\u00f6rd\u00fc\u011f\u00fcn\u00fc vurgulad\u0131. Ertemur konu\u015fmas\u0131nda \u015fu ifadelere yer verdi:<br \/>\n<br \/>&#8220;Buraya gelirken ailemizin yan\u0131na geldi\u011fimizi d\u00fc\u015f\u00fcnd\u00fcm. Y\u0131llard\u0131r dostluk ve karde\u015flik ba\u011f\u0131 kurdu\u011fumuz bas\u0131n camias\u0131 bizim i\u00e7in \u00e7ok k\u0131ymetli. Sizler siyaset\u00e7ilerin g\u00f6z\u00fc ve kula\u011f\u0131s\u0131n\u0131z. Bizlerle vatanda\u015f aras\u0131nda k\u00f6pr\u00fc kuruyor, d\u00fc\u015f\u00fcnce ve \u00e7al\u0131\u015fmalar\u0131m\u0131z\u0131 topluma aktar\u0131yorsunuz. Gazetecilik demokrasinin temel unsurlar\u0131ndan biridir. Halk\u0131n haber alma hakk\u0131n\u0131 savunan sizlersiniz. Bug\u00fcn mesle\u011fini yapt\u0131\u011f\u0131 i\u00e7in s\u0131k\u0131nt\u0131 ya\u015fayan gazeteciler var. Zor bir s\u00fcre\u00e7ten ge\u00e7iyoruz; g\u00f6r\u00fcyorsunuz belediye ba\u015fkanlar\u0131 tutuklan\u0131yor, gazeteciler tutuklan\u0131yor. B\u00f6yle bir ortamda hep birlikte m\u00fccadele etmeye, yan yana y\u00fcr\u00fcmeye devam edece\u011fiz. Sizler olmazsan\u0131z vatanda\u015fla ba\u011f\u0131m\u0131z kopar. Bu nedenle bas\u0131n\u0131n ayakta kalmas\u0131 \u00e7ok \u00f6nemlidir. O nedenle sizin direnmeniz laz\u0131m ve bu diren\u00e7te bizim size katk\u0131m\u0131z olmas\u0131 laz\u0131m. Hep birlikte, dayan\u0131\u015fma i\u00e7inde yol y\u00fcr\u00fcmeye devam edece\u011fiz. Bu vesileyle t\u00fcm bas\u0131n emek\u00e7ilerinin 10 Ocak \u00c7al\u0131\u015fan Gazeteciler G\u00fcn\u00fc\u2019n\u00fc kutluyorum.&#8221;<\/p>\n<p>Projeler anlat\u0131ld\u0131, sorular yan\u0131tland\u0131<br \/>\n<br \/>Pamukkale Belediye Ba\u015fkan\u0131 Ali R\u0131za Ertemur, konu\u015fmas\u0131n\u0131n ard\u0131ndan Pamukkale Belediyesi taraf\u0131ndan hayata ge\u00e7irilen \u00e7al\u0131\u015fmalar ve \u00f6n\u00fcm\u00fczdeki d\u00f6nemde yap\u0131lmas\u0131 planlanan vizyon projeler hakk\u0131nda gazetecilere detayl\u0131 bilgiler verdi. Bas\u0131n mensuplar\u0131n\u0131n sorular\u0131n\u0131 da i\u00e7tenlikle yan\u0131tlayan Ba\u015fkan Ertemur, dayan\u0131\u015fma mesaj\u0131 verdi. Program, samimi bir sohbet ortam\u0131nda devam ederken, g\u00fcn\u00fcn an\u0131s\u0131na \u00e7ekilen hat\u0131ra foto\u011fraf\u0131 ile sona erdi.<br \/><\/p>\n","protected":false},"excerpt":{"rendered":"<p>Pamukkale Belediye Ba\u015fkan\u0131 Ali R\u0131za Ertemur, 10 Ocak \u00c7al\u0131\u015fan Gazeteciler G\u00fcn\u00fc dolay\u0131s\u0131yla Denizli bas\u0131n\u0131 ile bir araya geldi. Bas\u0131n\u0131n demokrasinin temel ta\u015f\u0131 oldu\u011funu vurgulayan Ertemur, &#8220;Sizler bizim g\u00f6z\u00fcm\u00fcz, kula\u011f\u0131m\u0131z ve vatanda\u015fla aram\u0131zdaki en g\u00fc\u00e7l\u00fc k\u00f6pr\u00fcs\u00fcn\u00fcz&#8221; dedi. Pamukkale Belediye Ba\u015fkan\u0131 Ali R\u0131za Ertemur, 10 Ocak \u00c7al\u0131\u015fan Gazeteciler G\u00fcn\u00fc kapsam\u0131nda Denizli\u2019de g\u00f6rev yapan yerel ve ulusal bas\u0131n&#8230;<\/p>\n","protected":false},"author":1,"featured_media":80454,"comment_status":"open","ping_status":"open","sticky":false,"template":"","format":"standard","meta":{"_crdt_document":"","footnotes":""},"categories":[1],"tags":[],"class_list":["post-80453","post","type-post","status-publish","format-standard","has-post-thumbnail","hentry","category-guncel"],"_links":{"self":[{"href":"https:\/\/www.egemtv.com\/index.php?rest_route=\/wp\/v2\/posts\/80453","targetHints":{"allow":["GET"]}}],"collection":[{"href":"https:\/\/www.egemtv.com\/index.php?rest_route=\/wp\/v2\/posts"}],"about":[{"href":"https:\/\/www.egemtv.com\/index.php?rest_route=\/wp\/v2\/types\/post"}],"author":[{"embeddable":true,"href":"https:\/\/www.egemtv.com\/index.php?rest_route=\/wp\/v2\/users\/1"}],"replies":[{"embeddable":true,"href":"https:\/\/www.egemtv.com\/index.php?rest_route=%2Fwp%2Fv2%2Fcomments&post=80453"}],"version-history":[{"count":1,"href":"https:\/\/www.egemtv.com\/index.php?rest_route=\/wp\/v2\/posts\/80453\/revisions"}],"predecessor-version":[{"id":80455,"href":"https:\/\/www.egemtv.com\/index.php?rest_route=\/wp\/v2\/posts\/80453\/revisions\/80455"}],"wp:featuredmedia":[{"embeddable":true,"href":"https:\/\/www.egemtv.com\/index.php?rest_route=\/wp\/v2\/media\/80454"}],"wp:attachment":[{"href":"https:\/\/www.egemtv.com\/index.php?rest_route=%2Fwp%2Fv2%2Fmedia&parent=80453"}],"wp:term":[{"taxonomy":"category","embeddable":true,"href":"https:\/\/www.egemtv.com\/index.php?rest_route=%2Fwp%2Fv2%2Fcategories&post=80453"},{"taxonomy":"post_tag","embeddable":true,"href":"https:\/\/www.egemtv.com\/index.php?rest_route=%2Fwp%2Fv2%2Ftags&post=80453"}],"curies":[{"name":"wp","href":"https:\/\/api.w.org\/{rel}","templated":true}]}}