{"id":80447,"date":"2026-01-13T15:34:46","date_gmt":"2026-01-13T12:34:46","guid":{"rendered":"https:\/\/www.egemtv.com\/?p=80447"},"modified":"2026-01-13T15:34:46","modified_gmt":"2026-01-13T12:34:46","slug":"543-yil-9-ay-hapis-cezasi-bulunan-firari-antalyada-yakalandi","status":"publish","type":"post","link":"https:\/\/www.egemtv.com\/?p=80447","title":{"rendered":"543 y\u0131l 9 ay hapis cezas\u0131 bulunan firari Antalya\u2019da yakaland\u0131"},"content":{"rendered":"<p>K\u00fctahya \u0130l Emniyet M\u00fcd\u00fcrl\u00fc\u011f\u00fc Asayi\u015f \u015eube M\u00fcd\u00fcrl\u00fc\u011f\u00fc ekiplerince y\u00fcr\u00fct\u00fclen \u00e7al\u0131\u015fmalar kapsam\u0131nda, hakk\u0131nda 543 y\u0131l 9 ay kesinle\u015fmi\u015f hapis cezas\u0131 bulunan firari \u015fah\u0131s Antalya\u2019da yakaland\u0131.<br \/>\n<br \/>Edinilen bilgilere g\u00f6re, 1 Nisan 2021\u2019den bu yana aranan ve toplam 154 ayr\u0131 dosyadan aranma kayd\u0131 bulunan Deniz E.\u2019nin, Antalya\u2019n\u0131n Konyaalt\u0131 il\u00e7esinde bulundu\u011fu tespit edildi. Yap\u0131lan m\u00fc\u015fterek \u00e7al\u0131\u015fmalar sonucu Ku\u015fkava\u011f\u0131 Mahallesi Belediye Caddesi \u00fczerindeki bir sitede yakalanan \u015f\u00fcpheli, g\u00f6zalt\u0131na al\u0131nd\u0131.<br \/>\n<br \/>36 ya\u015f\u0131ndaki Deniz E.\u2019nin, ba\u015fkas\u0131na ait banka veya kredi kart\u0131n\u0131n izinsiz kullan\u0131lmas\u0131 suretiyle yarar sa\u011flama, nitelikli doland\u0131r\u0131c\u0131l\u0131k, m\u00fch\u00fcr bozma ve basit yaralama su\u00e7lar\u0131 ba\u015fta olmak \u00fczere toplam 154 su\u00e7 kayd\u0131n\u0131n bulundu\u011fu \u00f6\u011frenildi.<br \/>\n<br \/>Yakalanan \u015fah\u0131s, i\u015flemlerinin ard\u0131ndan Antalya \u0130l Emniyet M\u00fcd\u00fcrl\u00fc\u011f\u00fc Konyaalt\u0131 \u0130l\u00e7e Emniyet M\u00fcd\u00fcrl\u00fc\u011f\u00fc ekiplerine teslim edildi.<br \/><\/p>\n","protected":false},"excerpt":{"rendered":"<p>K\u00fctahya \u0130l Emniyet M\u00fcd\u00fcrl\u00fc\u011f\u00fc Asayi\u015f \u015eube M\u00fcd\u00fcrl\u00fc\u011f\u00fc ekiplerince y\u00fcr\u00fct\u00fclen \u00e7al\u0131\u015fmalar kapsam\u0131nda, hakk\u0131nda 543 y\u0131l 9 ay kesinle\u015fmi\u015f hapis cezas\u0131 bulunan firari \u015fah\u0131s Antalya\u2019da yakaland\u0131. Edinilen bilgilere g\u00f6re, 1 Nisan 2021\u2019den bu yana aranan ve toplam 154 ayr\u0131 dosyadan aranma kayd\u0131 bulunan Deniz E.\u2019nin, Antalya\u2019n\u0131n Konyaalt\u0131 il\u00e7esinde bulundu\u011fu tespit edildi. Yap\u0131lan m\u00fc\u015fterek \u00e7al\u0131\u015fmalar sonucu Ku\u015fkava\u011f\u0131 Mahallesi&#8230;<\/p>\n","protected":false},"author":1,"featured_media":80448,"comment_status":"open","ping_status":"open","sticky":false,"template":"","format":"standard","meta":{"_crdt_document":"","footnotes":""},"categories":[5],"tags":[],"class_list":["post-80447","post","type-post","status-publish","format-standard","has-post-thumbnail","hentry","category-asayis"],"_links":{"self":[{"href":"https:\/\/www.egemtv.com\/index.php?rest_route=\/wp\/v2\/posts\/80447","targetHints":{"allow":["GET"]}}],"collection":[{"href":"https:\/\/www.egemtv.com\/index.php?rest_route=\/wp\/v2\/posts"}],"about":[{"href":"https:\/\/www.egemtv.com\/index.php?rest_route=\/wp\/v2\/types\/post"}],"author":[{"embeddable":true,"href":"https:\/\/www.egemtv.com\/index.php?rest_route=\/wp\/v2\/users\/1"}],"replies":[{"embeddable":true,"href":"https:\/\/www.egemtv.com\/index.php?rest_route=%2Fwp%2Fv2%2Fcomments&post=80447"}],"version-history":[{"count":1,"href":"https:\/\/www.egemtv.com\/index.php?rest_route=\/wp\/v2\/posts\/80447\/revisions"}],"predecessor-version":[{"id":80449,"href":"https:\/\/www.egemtv.com\/index.php?rest_route=\/wp\/v2\/posts\/80447\/revisions\/80449"}],"wp:featuredmedia":[{"embeddable":true,"href":"https:\/\/www.egemtv.com\/index.php?rest_route=\/wp\/v2\/media\/80448"}],"wp:attachment":[{"href":"https:\/\/www.egemtv.com\/index.php?rest_route=%2Fwp%2Fv2%2Fmedia&parent=80447"}],"wp:term":[{"taxonomy":"category","embeddable":true,"href":"https:\/\/www.egemtv.com\/index.php?rest_route=%2Fwp%2Fv2%2Fcategories&post=80447"},{"taxonomy":"post_tag","embeddable":true,"href":"https:\/\/www.egemtv.com\/index.php?rest_route=%2Fwp%2Fv2%2Ftags&post=80447"}],"curies":[{"name":"wp","href":"https:\/\/api.w.org\/{rel}","templated":true}]}}