{"id":80441,"date":"2026-01-13T15:14:48","date_gmt":"2026-01-13T12:14:48","guid":{"rendered":"https:\/\/www.egemtv.com\/?p=80441"},"modified":"2026-01-13T15:14:49","modified_gmt":"2026-01-13T12:14:49","slug":"futbolun-efsane-ismi-vali-akbiyika-gercek-kral-tanju-colak-kitabini-hediye-etti","status":"publish","type":"post","link":"https:\/\/www.egemtv.com\/?p=80441","title":{"rendered":"Futbolun efsane ismi Vali Akb\u0131y\u0131k\u2019a \u2018Ger\u00e7ek Kral Tanju \u00c7olak\u2019 kitab\u0131n\u0131 hediye etti"},"content":{"rendered":"<p>T\u00fcrk futbolunun efsane golc\u00fclerinden Avrupa gol kral\u0131 Tanju \u00c7olak, Mu\u011fla Valisi Dr. \u0130dris Akb\u0131y\u0131k\u2019\u0131 makam\u0131nda ziyaret ederek, \u00e7ocuklar i\u00e7in yaz\u0131lan \u2018Ger\u00e7ek Kral Tanju \u00c7alak\u2019 kitab\u0131n\u0131 hediye etti.<br \/>\n<br \/>Galatarasay ve Fenerbah\u00e7e\u2019nin unutulmaz isimlerinden T\u00fcrk futbolunun unutulmaz isimlerinden, eski mill\u00ee futbolcu Tanju \u00c7olak, Mu\u011fla\u2019daki programlar\u0131 kapsam\u0131nda Mu\u011fla Valisi Dr. \u0130dris Akb\u0131y\u0131k\u2019\u0131 makam\u0131nda ziyaret etti.<br \/>\n<br \/>T\u00fcrk futbol tarihine ad\u0131n\u0131 alt\u0131n harflerle yazd\u0131ran Tanju \u00c7olak, att\u0131\u011f\u0131 gollerle k\u0131r\u0131lmas\u0131 g\u00fc\u00e7 rekorlara imza atm\u0131\u015ft\u0131. Bir sezonda att\u0131\u011f\u0131 39 golle en \u00e7ok gol atan futbolcu unvan\u0131n\u0131 elinde bulunduran ve o y\u0131l \u2018Avrupa Gol Kral\u0131\u2019 unvan\u0131n\u0131 elde eden Tanju \u00c7olak, bir ma\u00e7ta kaydetti\u011fi 6 golle de T\u00fcrk futbol tarihine ge\u00e7ti.<br \/>\n<br \/>\u00c7ocuklar i\u00e7in haz\u0131rlanan \u2018Ger\u00e7ek Kral Tanju \u00c7olak\u2019 kitab\u0131n\u0131n tan\u0131t\u0131m\u0131 i\u00e7in Mu\u011fla\u2019da bulundu\u011funu belirten Tanju \u00c7olak, &#8220;D\u00fcnden beri Mu\u011fla\u2019day\u0131m, bu g\u00fczel \u015fehirdeyim. Say\u0131n valimiz ile bir araya gelerek bir kahve i\u00e7elim, biraz sohbet edelim dedim. \u2018Ger\u00e7ek Kral Tanju \u00c7olak\u2019 adl\u0131 \u00e7ocuklar i\u00e7in kitap yapt\u0131k. \u00c7ok g\u00fczel bir kitap. Sa\u011f olsunlar \u00e7ocuklar da \u00e7ok ilgi, alaka g\u00f6steriyorlar. Mardin\u2019e gittik, \u015eanl\u0131urfa\u2019ya gittik, Adana\u2019ya gittik. \u015eirin bir kitap \u00e7ocuklar i\u00e7in \u00e7ok keyifli dolu. O \u00e7ocuklar\u0131 da \u00e7ok seviyorum \u00e7\u00fcnk\u00fc yar\u0131nlar\u0131m\u0131z onlar&#8221; dedi.<br \/>\n<br \/>Vali Akb\u0131y\u0131k, ziyaretten duydu\u011fu memnuniyeti dile getirerek Tanju \u00c7olak\u2019a te\u015fekk\u00fcr etti. Vali Akb\u0131y\u0131k, &#8220;Vali ve veli olarak vatanda\u015f olarak 34 y\u0131ll\u0131k meslek hayat\u0131m\u0131zda birinci \u00f6nceli\u011fimiz e\u011fitim oldu. Bizim bir kitap, bir insan projemiz var. \u0130nsan kitap kadar k\u0131ymetlidir. \u00d6n\u00fcm\u00fczdeki haftalarda Mu\u011fla olarak gen\u00e7lik y\u0131l\u0131 ilan edece\u011fiz. Bu nedenle gen\u00e7ler gelece\u011fimiz. Madden manen her \u015fekilde onlar\u0131n geli\u015fmeleri gerekti\u011fini bu \u00e7er\u00e7evede tabi kitap, e\u011fitim, spor da \u00f6ncelikli birinci konumuz. Bu \u00e7er\u00e7evede yine gen\u00e7lerle bulu\u015furuz&#8221; dedi.<br \/><\/p>\n","protected":false},"excerpt":{"rendered":"<p>T\u00fcrk futbolunun efsane golc\u00fclerinden Avrupa gol kral\u0131 Tanju \u00c7olak, Mu\u011fla Valisi Dr. \u0130dris Akb\u0131y\u0131k\u2019\u0131 makam\u0131nda ziyaret ederek, \u00e7ocuklar i\u00e7in yaz\u0131lan \u2018Ger\u00e7ek Kral Tanju \u00c7alak\u2019 kitab\u0131n\u0131 hediye etti. Galatarasay ve Fenerbah\u00e7e\u2019nin unutulmaz isimlerinden T\u00fcrk futbolunun unutulmaz isimlerinden, eski mill\u00ee futbolcu Tanju \u00c7olak, Mu\u011fla\u2019daki programlar\u0131 kapsam\u0131nda Mu\u011fla Valisi Dr. \u0130dris Akb\u0131y\u0131k\u2019\u0131 makam\u0131nda ziyaret etti. T\u00fcrk futbol tarihine&#8230;<\/p>\n","protected":false},"author":1,"featured_media":80442,"comment_status":"open","ping_status":"open","sticky":false,"template":"","format":"standard","meta":{"_crdt_document":"","footnotes":""},"categories":[4],"tags":[],"class_list":["post-80441","post","type-post","status-publish","format-standard","has-post-thumbnail","hentry","category-spor"],"_links":{"self":[{"href":"https:\/\/www.egemtv.com\/index.php?rest_route=\/wp\/v2\/posts\/80441","targetHints":{"allow":["GET"]}}],"collection":[{"href":"https:\/\/www.egemtv.com\/index.php?rest_route=\/wp\/v2\/posts"}],"about":[{"href":"https:\/\/www.egemtv.com\/index.php?rest_route=\/wp\/v2\/types\/post"}],"author":[{"embeddable":true,"href":"https:\/\/www.egemtv.com\/index.php?rest_route=\/wp\/v2\/users\/1"}],"replies":[{"embeddable":true,"href":"https:\/\/www.egemtv.com\/index.php?rest_route=%2Fwp%2Fv2%2Fcomments&post=80441"}],"version-history":[{"count":1,"href":"https:\/\/www.egemtv.com\/index.php?rest_route=\/wp\/v2\/posts\/80441\/revisions"}],"predecessor-version":[{"id":80443,"href":"https:\/\/www.egemtv.com\/index.php?rest_route=\/wp\/v2\/posts\/80441\/revisions\/80443"}],"wp:featuredmedia":[{"embeddable":true,"href":"https:\/\/www.egemtv.com\/index.php?rest_route=\/wp\/v2\/media\/80442"}],"wp:attachment":[{"href":"https:\/\/www.egemtv.com\/index.php?rest_route=%2Fwp%2Fv2%2Fmedia&parent=80441"}],"wp:term":[{"taxonomy":"category","embeddable":true,"href":"https:\/\/www.egemtv.com\/index.php?rest_route=%2Fwp%2Fv2%2Fcategories&post=80441"},{"taxonomy":"post_tag","embeddable":true,"href":"https:\/\/www.egemtv.com\/index.php?rest_route=%2Fwp%2Fv2%2Ftags&post=80441"}],"curies":[{"name":"wp","href":"https:\/\/api.w.org\/{rel}","templated":true}]}}