{"id":80438,"date":"2026-01-13T15:14:47","date_gmt":"2026-01-13T12:14:47","guid":{"rendered":"https:\/\/www.egemtv.com\/?p=80438"},"modified":"2026-01-13T15:14:48","modified_gmt":"2026-01-13T12:14:48","slug":"sehzadeler-belediyesinde-baskan-yardimciligina-esenkaya-ve-yilmaz-atandi","status":"publish","type":"post","link":"https:\/\/www.egemtv.com\/?p=80438","title":{"rendered":"\u015eehzadeler Belediyesi\u2019nde Ba\u015fkan Yard\u0131mc\u0131l\u0131\u011f\u0131na Esenkaya ve Y\u0131lmaz atand\u0131"},"content":{"rendered":"<p>\u015eehzadeler Belediye Ba\u015fkan\u0131 Hakan \u015eim\u015fek, y\u00f6netim kadrosunu g\u00fc\u00e7lendirmek amac\u0131yla ilk atamalar\u0131n\u0131 ger\u00e7ekle\u015ftirdi. \u015eehzadeler Belediye Meclis \u00dcyeleri Emre Halil Esenkaya ve M\u00fcmin Y\u0131lmaz, ba\u015fkan yard\u0131mc\u0131l\u0131\u011f\u0131 g\u00f6revine atand\u0131.<br \/>\n<br \/>Ba\u015fkanl\u0131k makam\u0131n\u0131n imzas\u0131yla yap\u0131lan atamalar\u0131n ard\u0131ndan Emre Halil Esenkaya ve M\u00fcmin Y\u0131lmaz, bug\u00fcn itibar\u0131yla g\u00f6revlerine resmen ba\u015flad\u0131. Yeni atamalarla birlikte belediye y\u00f6netiminde hizmet odakl\u0131 ve g\u00fc\u00e7l\u00fc bir yap\u0131lanman\u0131n hedeflendi\u011fi belirtildi.<br \/>\n<br \/>\u015eehzadeler Belediye Ba\u015fkan\u0131 Hakan \u015eim\u015fek, atamalara ili\u015fkin yapt\u0131\u011f\u0131 a\u00e7\u0131klamada, kente en iyi hizmeti sunmak i\u00e7in kararl\u0131 bir \u015fekilde \u00e7al\u0131\u015facaklar\u0131n\u0131 vurgulad\u0131. Ba\u015fkan \u015eim\u015fek, &#8220;\u015eehzadeler\u2019in sa\u011fl\u0131kl\u0131, g\u00fcvenli ve ya\u015fanabilir bir kent olmas\u0131 i\u00e7in rahmetli G\u00fcl\u015fah Ba\u015fkan\u0131m\u0131zdan devrald\u0131\u011f\u0131m\u0131z bayra\u011f\u0131 en \u00fcst noktaya ta\u015f\u0131mak ad\u0131na elimizden gelen t\u00fcm \u00e7abay\u0131 g\u00f6sterece\u011fiz. Bu kapsamda y\u00f6netim kadromuzda baz\u0131 de\u011fi\u015fikliklere gittik. Meclis \u00dcyelerimiz Say\u0131n Emre Halil Esenkaya ve Say\u0131n M\u00fcmin Y\u0131lmaz\u2019\u0131 ba\u015fkan yard\u0131mc\u0131s\u0131 olarak atad\u0131k, baz\u0131 m\u00fcd\u00fcrl\u00fcklerimizde de yeni g\u00f6revlendirmeler yapt\u0131k. Yeni ekibimizle birlikte kentimize en iyi hizmeti vermek i\u00e7in gece g\u00fcnd\u00fcz \u00e7al\u0131\u015faca\u011f\u0131z&#8221; ifadelerini kulland\u0131.<br \/>\n<br \/>Ba\u015fkan \u015eim\u015fek, bug\u00fcne kadar belediye hizmetlerine katk\u0131 sunan t\u00fcm \u00e7al\u0131\u015fanlara te\u015fekk\u00fcr ederek, yeni g\u00f6revlerine ba\u015flayan ba\u015fkan yard\u0131mc\u0131lar\u0131 ve m\u00fcd\u00fcrlere ba\u015far\u0131 dileklerini iletti.<\/p>\n<p>Emre Halil Esenkaya kimdir?<br \/>\n<br \/>1995 y\u0131l\u0131nda Manisa\u2019da do\u011fan Emre Halil Esenkaya, Ege \u00dcniversitesi Gazetecilik B\u00f6l\u00fcm\u00fc ile Anadolu \u00dcniversitesi Siyaset Bilimi ve Kamu Y\u00f6netimi B\u00f6l\u00fcm\u00fc mezunu. Gazetecilik ve medya alanlar\u0131nda \u00e7al\u0131\u015fmalar\u0131n\u0131 s\u00fcrd\u00fcren Esenkaya, lise y\u0131llar\u0131nda Cumhuriyet Halk Partisi\u2019ne kat\u0131larak CHP Gen\u00e7lik Kollar\u0131\u2019nda \u00e7e\u015fitli g\u00f6revlerde bulundu. CHP Parti E\u011fitmeni olan Esenkaya, 31 Mart 2024 yerel se\u00e7imlerinde CHP\u2019den \u015eehzadeler Belediye Meclis \u00dcyesi se\u00e7ildi.<\/p>\n<p>M\u00fcmin Y\u0131lmaz kimdir?<br \/>\n<br \/>1978 y\u0131l\u0131nda Manisa\u2019da do\u011fan M\u00fcmin Y\u0131lmaz, e\u011fitim hayat\u0131n\u0131n ard\u0131ndan i\u015f ya\u015fam\u0131na at\u0131ld\u0131. Manisa\u2019n\u0131n tan\u0131nm\u0131\u015f i\u015f insanlar\u0131 aras\u0131nda yer alan Y\u0131lmaz, 31 Mart 2024 yerel se\u00e7imlerinde Cumhuriyet Halk Partisi\u2019nden \u015eehzadeler Belediye Meclis \u00dcyesi se\u00e7ildi. M\u00fcmin Y\u0131lmaz, evli ve \u00fc\u00e7 \u00e7ocuk babas\u0131.<br \/><\/p>\n","protected":false},"excerpt":{"rendered":"<p>\u015eehzadeler Belediye Ba\u015fkan\u0131 Hakan \u015eim\u015fek, y\u00f6netim kadrosunu g\u00fc\u00e7lendirmek amac\u0131yla ilk atamalar\u0131n\u0131 ger\u00e7ekle\u015ftirdi. \u015eehzadeler Belediye Meclis \u00dcyeleri Emre Halil Esenkaya ve M\u00fcmin Y\u0131lmaz, ba\u015fkan yard\u0131mc\u0131l\u0131\u011f\u0131 g\u00f6revine atand\u0131. Ba\u015fkanl\u0131k makam\u0131n\u0131n imzas\u0131yla yap\u0131lan atamalar\u0131n ard\u0131ndan Emre Halil Esenkaya ve M\u00fcmin Y\u0131lmaz, bug\u00fcn itibar\u0131yla g\u00f6revlerine resmen ba\u015flad\u0131. Yeni atamalarla birlikte belediye y\u00f6netiminde hizmet odakl\u0131 ve g\u00fc\u00e7l\u00fc bir yap\u0131lanman\u0131n hedeflendi\u011fi&#8230;<\/p>\n","protected":false},"author":1,"featured_media":80439,"comment_status":"open","ping_status":"open","sticky":false,"template":"","format":"standard","meta":{"_crdt_document":"","footnotes":""},"categories":[127],"tags":[],"class_list":["post-80438","post","type-post","status-publish","format-standard","has-post-thumbnail","hentry","category-siyaset"],"_links":{"self":[{"href":"https:\/\/www.egemtv.com\/index.php?rest_route=\/wp\/v2\/posts\/80438","targetHints":{"allow":["GET"]}}],"collection":[{"href":"https:\/\/www.egemtv.com\/index.php?rest_route=\/wp\/v2\/posts"}],"about":[{"href":"https:\/\/www.egemtv.com\/index.php?rest_route=\/wp\/v2\/types\/post"}],"author":[{"embeddable":true,"href":"https:\/\/www.egemtv.com\/index.php?rest_route=\/wp\/v2\/users\/1"}],"replies":[{"embeddable":true,"href":"https:\/\/www.egemtv.com\/index.php?rest_route=%2Fwp%2Fv2%2Fcomments&post=80438"}],"version-history":[{"count":1,"href":"https:\/\/www.egemtv.com\/index.php?rest_route=\/wp\/v2\/posts\/80438\/revisions"}],"predecessor-version":[{"id":80440,"href":"https:\/\/www.egemtv.com\/index.php?rest_route=\/wp\/v2\/posts\/80438\/revisions\/80440"}],"wp:featuredmedia":[{"embeddable":true,"href":"https:\/\/www.egemtv.com\/index.php?rest_route=\/wp\/v2\/media\/80439"}],"wp:attachment":[{"href":"https:\/\/www.egemtv.com\/index.php?rest_route=%2Fwp%2Fv2%2Fmedia&parent=80438"}],"wp:term":[{"taxonomy":"category","embeddable":true,"href":"https:\/\/www.egemtv.com\/index.php?rest_route=%2Fwp%2Fv2%2Fcategories&post=80438"},{"taxonomy":"post_tag","embeddable":true,"href":"https:\/\/www.egemtv.com\/index.php?rest_route=%2Fwp%2Fv2%2Ftags&post=80438"}],"curies":[{"name":"wp","href":"https:\/\/api.w.org\/{rel}","templated":true}]}}