{"id":80093,"date":"2026-01-12T09:54:50","date_gmt":"2026-01-12T06:54:50","guid":{"rendered":"https:\/\/www.egemtv.com\/?p=80093"},"modified":"2026-01-12T09:54:51","modified_gmt":"2026-01-12T06:54:51","slug":"izmirde-uyusturucu-operasyonu-65-kilo-skunk-ele-gecirildi","status":"publish","type":"post","link":"https:\/\/www.egemtv.com\/?p=80093","title":{"rendered":"\u0130zmir\u2019de uyu\u015fturucu operasyonu: 65 kilo skunk ele ge\u00e7irildi"},"content":{"rendered":"<p>\u0130zmir\u2019in \u00c7e\u015fme il\u00e7esinde d\u00fczenlenen uyu\u015fturucu operasyonunda, bir ara\u00e7ta yap\u0131lan aramada 65 kilo 367 gram skunk maddesi ele ge\u00e7irilirken, olayla ilgili 1 \u015f\u00fcpheli tutukland\u0131.<br \/>\n<br \/>Edinilen bilgiye g\u00f6re, \u00c7e\u015fme Cumhuriyet Ba\u015fsavc\u0131l\u0131\u011f\u0131 koordinesinde, \u0130l Emniyet M\u00fcd\u00fcrl\u00fc\u011f\u00fc Narkotik Su\u00e7larla M\u00fccadele \u015eube M\u00fcd\u00fcrl\u00fc\u011f\u00fc ekipleri, uyu\u015fturucu veya uyar\u0131c\u0131 madde ticareti yapan \u015fah\u0131slara y\u00f6nelik \u00e7al\u0131\u015fma ba\u015flatt\u0131. Ekipler taraf\u0131ndan \u00c7e\u015fme il\u00e7esinde durdurulan bir ara\u00e7ta yap\u0131lan aramalarda, 65 kilo 367 gram esrar-skunk maddesi ele ge\u00e7irildi. Olayla ilgili g\u00f6zalt\u0131na al\u0131nan \u015f\u00fcpheli H.B., emniyetteki i\u015flemlerinin tamamlanmas\u0131n\u0131n ard\u0131ndan sevk edildi\u011fi adli makamlarca tutuklanarak cezaevine g\u00f6nderildi.<br \/><\/p>\n","protected":false},"excerpt":{"rendered":"<p>\u0130zmir\u2019in \u00c7e\u015fme il\u00e7esinde d\u00fczenlenen uyu\u015fturucu operasyonunda, bir ara\u00e7ta yap\u0131lan aramada 65 kilo 367 gram skunk maddesi ele ge\u00e7irilirken, olayla ilgili 1 \u015f\u00fcpheli tutukland\u0131. Edinilen bilgiye g\u00f6re, \u00c7e\u015fme Cumhuriyet Ba\u015fsavc\u0131l\u0131\u011f\u0131 koordinesinde, \u0130l Emniyet M\u00fcd\u00fcrl\u00fc\u011f\u00fc Narkotik Su\u00e7larla M\u00fccadele \u015eube M\u00fcd\u00fcrl\u00fc\u011f\u00fc ekipleri, uyu\u015fturucu veya uyar\u0131c\u0131 madde ticareti yapan \u015fah\u0131slara y\u00f6nelik \u00e7al\u0131\u015fma ba\u015flatt\u0131. Ekipler taraf\u0131ndan \u00c7e\u015fme il\u00e7esinde durdurulan bir&#8230;<\/p>\n","protected":false},"author":1,"featured_media":80094,"comment_status":"open","ping_status":"open","sticky":false,"template":"","format":"standard","meta":{"_crdt_document":"","footnotes":""},"categories":[5],"tags":[],"class_list":["post-80093","post","type-post","status-publish","format-standard","has-post-thumbnail","hentry","category-asayis"],"_links":{"self":[{"href":"https:\/\/www.egemtv.com\/index.php?rest_route=\/wp\/v2\/posts\/80093","targetHints":{"allow":["GET"]}}],"collection":[{"href":"https:\/\/www.egemtv.com\/index.php?rest_route=\/wp\/v2\/posts"}],"about":[{"href":"https:\/\/www.egemtv.com\/index.php?rest_route=\/wp\/v2\/types\/post"}],"author":[{"embeddable":true,"href":"https:\/\/www.egemtv.com\/index.php?rest_route=\/wp\/v2\/users\/1"}],"replies":[{"embeddable":true,"href":"https:\/\/www.egemtv.com\/index.php?rest_route=%2Fwp%2Fv2%2Fcomments&post=80093"}],"version-history":[{"count":1,"href":"https:\/\/www.egemtv.com\/index.php?rest_route=\/wp\/v2\/posts\/80093\/revisions"}],"predecessor-version":[{"id":80095,"href":"https:\/\/www.egemtv.com\/index.php?rest_route=\/wp\/v2\/posts\/80093\/revisions\/80095"}],"wp:featuredmedia":[{"embeddable":true,"href":"https:\/\/www.egemtv.com\/index.php?rest_route=\/wp\/v2\/media\/80094"}],"wp:attachment":[{"href":"https:\/\/www.egemtv.com\/index.php?rest_route=%2Fwp%2Fv2%2Fmedia&parent=80093"}],"wp:term":[{"taxonomy":"category","embeddable":true,"href":"https:\/\/www.egemtv.com\/index.php?rest_route=%2Fwp%2Fv2%2Fcategories&post=80093"},{"taxonomy":"post_tag","embeddable":true,"href":"https:\/\/www.egemtv.com\/index.php?rest_route=%2Fwp%2Fv2%2Ftags&post=80093"}],"curies":[{"name":"wp","href":"https:\/\/api.w.org\/{rel}","templated":true}]}}