{"id":80090,"date":"2026-01-12T09:54:49","date_gmt":"2026-01-12T06:54:49","guid":{"rendered":"https:\/\/www.egemtv.com\/?p=80090"},"modified":"2026-01-12T09:54:50","modified_gmt":"2026-01-12T06:54:50","slug":"koy-evinde-cikan-yangin-korkuttu-2","status":"publish","type":"post","link":"https:\/\/www.egemtv.com\/?p=80090","title":{"rendered":"K\u00f6y evinde \u00e7\u0131kan yang\u0131n korkuttu"},"content":{"rendered":"<p>Afyonkarahisar\u2019\u0131n \u015euhut il\u00e7esine ba\u011fl\u0131 \u0130cikli k\u00f6y\u00fcnde meydana gelen ev yang\u0131n\u0131 korku dolu anlara neden oldu.<br \/>\n<br \/>Edinilen bilgilere g\u00f6re, \u0130cikli k\u00f6y\u00fcnde M.E. isimli ya\u015fl\u0131 kad\u0131n sobay\u0131 yakmak istedi\u011fi s\u0131rada  yang\u0131n \u00e7\u0131kt\u0131. K\u0131sa s\u00fcrede b\u00fcy\u00fcyen alevler evden yo\u011fun dumanlar\u0131n y\u00fckselmesine neden oldu.<br \/>\n<br \/>Evden dumanlar \u00e7\u0131kt\u0131\u011f\u0131n\u0131 fark eden \u00e7evredeki vatanda\u015flar durumu hemen itfaiyeye bildirerek yard\u0131m istedi. \u0130hbar \u00fczerine olay yerine sevk edilen ekipler, yang\u0131na k\u0131sa s\u00fcrede m\u00fcdahale ederek alevleri kontrol alt\u0131na ald\u0131.<br \/>\n<br \/>Yang\u0131nda can kayb\u0131 ya\u015fanmazken, evde maddi hasar meydana geldi\u011fi \u00f6\u011frenildi. Olayla ilgili inceleme ba\u015flat\u0131ld\u0131.<br \/><\/p>\n","protected":false},"excerpt":{"rendered":"<p>Afyonkarahisar\u2019\u0131n \u015euhut il\u00e7esine ba\u011fl\u0131 \u0130cikli k\u00f6y\u00fcnde meydana gelen ev yang\u0131n\u0131 korku dolu anlara neden oldu. Edinilen bilgilere g\u00f6re, \u0130cikli k\u00f6y\u00fcnde M.E. isimli ya\u015fl\u0131 kad\u0131n sobay\u0131 yakmak istedi\u011fi s\u0131rada yang\u0131n \u00e7\u0131kt\u0131. K\u0131sa s\u00fcrede b\u00fcy\u00fcyen alevler evden yo\u011fun dumanlar\u0131n y\u00fckselmesine neden oldu. Evden dumanlar \u00e7\u0131kt\u0131\u011f\u0131n\u0131 fark eden \u00e7evredeki vatanda\u015flar durumu hemen itfaiyeye bildirerek yard\u0131m istedi. \u0130hbar \u00fczerine&#8230;<\/p>\n","protected":false},"author":1,"featured_media":80091,"comment_status":"open","ping_status":"open","sticky":false,"template":"","format":"standard","meta":{"_crdt_document":"","footnotes":""},"categories":[5],"tags":[],"class_list":["post-80090","post","type-post","status-publish","format-standard","has-post-thumbnail","hentry","category-asayis"],"_links":{"self":[{"href":"https:\/\/www.egemtv.com\/index.php?rest_route=\/wp\/v2\/posts\/80090","targetHints":{"allow":["GET"]}}],"collection":[{"href":"https:\/\/www.egemtv.com\/index.php?rest_route=\/wp\/v2\/posts"}],"about":[{"href":"https:\/\/www.egemtv.com\/index.php?rest_route=\/wp\/v2\/types\/post"}],"author":[{"embeddable":true,"href":"https:\/\/www.egemtv.com\/index.php?rest_route=\/wp\/v2\/users\/1"}],"replies":[{"embeddable":true,"href":"https:\/\/www.egemtv.com\/index.php?rest_route=%2Fwp%2Fv2%2Fcomments&post=80090"}],"version-history":[{"count":1,"href":"https:\/\/www.egemtv.com\/index.php?rest_route=\/wp\/v2\/posts\/80090\/revisions"}],"predecessor-version":[{"id":80092,"href":"https:\/\/www.egemtv.com\/index.php?rest_route=\/wp\/v2\/posts\/80090\/revisions\/80092"}],"wp:featuredmedia":[{"embeddable":true,"href":"https:\/\/www.egemtv.com\/index.php?rest_route=\/wp\/v2\/media\/80091"}],"wp:attachment":[{"href":"https:\/\/www.egemtv.com\/index.php?rest_route=%2Fwp%2Fv2%2Fmedia&parent=80090"}],"wp:term":[{"taxonomy":"category","embeddable":true,"href":"https:\/\/www.egemtv.com\/index.php?rest_route=%2Fwp%2Fv2%2Fcategories&post=80090"},{"taxonomy":"post_tag","embeddable":true,"href":"https:\/\/www.egemtv.com\/index.php?rest_route=%2Fwp%2Fv2%2Ftags&post=80090"}],"curies":[{"name":"wp","href":"https:\/\/api.w.org\/{rel}","templated":true}]}}