{"id":80087,"date":"2026-01-12T09:54:48","date_gmt":"2026-01-12T06:54:48","guid":{"rendered":"https:\/\/www.egemtv.com\/?p=80087"},"modified":"2026-01-12T09:54:49","modified_gmt":"2026-01-12T06:54:49","slug":"germencik-belediye-baskani-zencirci-her-sartta-gorevimizin-basindayiz","status":"publish","type":"post","link":"https:\/\/www.egemtv.com\/?p=80087","title":{"rendered":"Germencik Belediye Ba\u015fkan\u0131 Zencirci: &#8220;Her \u015fartta g\u00f6revimizin ba\u015f\u0131nday\u0131z&#8221;"},"content":{"rendered":"<p>Ayd\u0131n\u2019\u0131n Germencik il\u00e7esi metrekareye en \u00e7ok ya\u011f\u0131\u015f alan il\u00e7e olurken, Belediye Ba\u015fkan\u0131 Burak Zencirci olumsuzluklara kar\u015f\u0131 saha \u00e7al\u0131\u015fmalar\u0131na ara vermeyen belediye ekiplerine te\u015fekk\u00fcr ederek &#8220;Germencik i\u00e7in her \u015fartta g\u00f6revimizin ba\u015f\u0131nday\u0131z&#8221; dedi.<\/p>\n<p>Ayd\u0131n\u2019da etkili olan sa\u011fanak ya\u011f\u0131\u015f zaman zaman hayat\u0131 olumsuz etkilerken, d\u00fcn metrekareye en \u00e7ok ya\u011f\u0131\u015f d\u00fc\u015fen il\u00e7e ise Germencik oldu. Metrekarede 46,8 kilogram ya\u011f\u0131\u015f alan il\u00e7ede, belediye ekipleri de muhtemel su bask\u0131nlar\u0131n\u0131n ya\u015fanmamas\u0131 i\u00e7in teyakkuza ge\u00e7ti. Tam kapasite g\u00f6rev yapan ekipler, mazgallar ba\u015fta olmak \u00fczere sokak ve caddelerde \u00e7al\u0131\u015fma ger\u00e7ekle\u015ftirdi.<\/p>\n<p>Ekiplerin aral\u0131ks\u0131z \u00e7al\u0131\u015fmas\u0131na dikkat \u00e7eken Germencik Belediye Ba\u015fkan\u0131 Burak Zencirci, ekiplere te\u015fekk\u00fcr ederek &#8220;\u0130l\u00e7emizde d\u00fcn ve bug\u00fcn etkili olan ya\u011f\u0131\u015flarla birlikte, metrekareye 46,8 kilogram ya\u011f\u0131\u015f alarak en \u00e7ok ya\u011f\u0131\u015f alan il\u00e7e Germencik\u2019imiz olmu\u015ftur. Ekiplerimiz ile \u00f6nceden yapt\u0131\u011f\u0131m\u0131z planlama ve haz\u0131rl\u0131klar sayesinde sa\u011fanak ya\u011f\u0131\u015f, il\u00e7emizde herhangi bir olumsuzlu\u011fa yol a\u00e7mam\u0131\u015ft\u0131r. Sahada g\u00f6rev yapan t\u00fcm \u00e7al\u0131\u015fma arkada\u015flar\u0131ma emekleri i\u00e7in te\u015fekk\u00fcr ediyorum. Germencik i\u00e7in her \u015fartta g\u00f6revimizin ba\u015f\u0131nday\u0131z&#8221; dedi.<br \/><\/p>\n","protected":false},"excerpt":{"rendered":"<p>Ayd\u0131n\u2019\u0131n Germencik il\u00e7esi metrekareye en \u00e7ok ya\u011f\u0131\u015f alan il\u00e7e olurken, Belediye Ba\u015fkan\u0131 Burak Zencirci olumsuzluklara kar\u015f\u0131 saha \u00e7al\u0131\u015fmalar\u0131na ara vermeyen belediye ekiplerine te\u015fekk\u00fcr ederek &#8220;Germencik i\u00e7in her \u015fartta g\u00f6revimizin ba\u015f\u0131nday\u0131z&#8221; dedi. Ayd\u0131n\u2019da etkili olan sa\u011fanak ya\u011f\u0131\u015f zaman zaman hayat\u0131 olumsuz etkilerken, d\u00fcn metrekareye en \u00e7ok ya\u011f\u0131\u015f d\u00fc\u015fen il\u00e7e ise Germencik oldu. Metrekarede 46,8 kilogram ya\u011f\u0131\u015f&#8230;<\/p>\n","protected":false},"author":1,"featured_media":80088,"comment_status":"open","ping_status":"open","sticky":false,"template":"","format":"standard","meta":{"_crdt_document":"","footnotes":""},"categories":[1],"tags":[],"class_list":["post-80087","post","type-post","status-publish","format-standard","has-post-thumbnail","hentry","category-guncel"],"_links":{"self":[{"href":"https:\/\/www.egemtv.com\/index.php?rest_route=\/wp\/v2\/posts\/80087","targetHints":{"allow":["GET"]}}],"collection":[{"href":"https:\/\/www.egemtv.com\/index.php?rest_route=\/wp\/v2\/posts"}],"about":[{"href":"https:\/\/www.egemtv.com\/index.php?rest_route=\/wp\/v2\/types\/post"}],"author":[{"embeddable":true,"href":"https:\/\/www.egemtv.com\/index.php?rest_route=\/wp\/v2\/users\/1"}],"replies":[{"embeddable":true,"href":"https:\/\/www.egemtv.com\/index.php?rest_route=%2Fwp%2Fv2%2Fcomments&post=80087"}],"version-history":[{"count":1,"href":"https:\/\/www.egemtv.com\/index.php?rest_route=\/wp\/v2\/posts\/80087\/revisions"}],"predecessor-version":[{"id":80089,"href":"https:\/\/www.egemtv.com\/index.php?rest_route=\/wp\/v2\/posts\/80087\/revisions\/80089"}],"wp:featuredmedia":[{"embeddable":true,"href":"https:\/\/www.egemtv.com\/index.php?rest_route=\/wp\/v2\/media\/80088"}],"wp:attachment":[{"href":"https:\/\/www.egemtv.com\/index.php?rest_route=%2Fwp%2Fv2%2Fmedia&parent=80087"}],"wp:term":[{"taxonomy":"category","embeddable":true,"href":"https:\/\/www.egemtv.com\/index.php?rest_route=%2Fwp%2Fv2%2Fcategories&post=80087"},{"taxonomy":"post_tag","embeddable":true,"href":"https:\/\/www.egemtv.com\/index.php?rest_route=%2Fwp%2Fv2%2Ftags&post=80087"}],"curies":[{"name":"wp","href":"https:\/\/api.w.org\/{rel}","templated":true}]}}