{"id":80084,"date":"2026-01-12T09:54:47","date_gmt":"2026-01-12T06:54:47","guid":{"rendered":"https:\/\/www.egemtv.com\/?p=80084"},"modified":"2026-01-12T09:54:48","modified_gmt":"2026-01-12T06:54:48","slug":"denizlide-31-uyesi-tutuklanan-suc-orgutune-2-dalga-operasyon-gozaltina-alinan-17-kisiden-12si-tutuklandi","status":"publish","type":"post","link":"https:\/\/www.egemtv.com\/?p=80084","title":{"rendered":"Denizli\u2019de 31 \u00fcyesi tutuklanan su\u00e7 \u00f6rg\u00fct\u00fcne 2. dalga operasyon: G\u00f6zalt\u0131na al\u0131nan 17 ki\u015fiden 12\u2019si tutukland\u0131"},"content":{"rendered":"<p>Denizli\u2019de ge\u00e7ti\u011fimiz \u015fubat ay\u0131nda 31 \u00fcyesi tutuklanan su\u00e7 \u00f6rg\u00fct\u00fcne y\u00f6nelik d\u00fczenlenen ikinci dalga operasyonda g\u00f6zalt\u0131na al\u0131nan 17 \u015f\u00fcpheliden 12\u2019si daha tutukland\u0131.<\/p>\n<p>Edinilen bilgiye g\u00f6re, Denizli Emniyet M\u00fcd\u00fcrl\u00fc\u011f\u00fc Ka\u00e7ak\u00e7\u0131l\u0131k ve Organize Su\u00e7larla M\u00fccadele \u015eube M\u00fcd\u00fcrl\u00fc\u011f\u00fc ekipleri taraf\u0131ndan, il genelinde bulunan organize su\u00e7 \u00f6rg\u00fct\u00fcne y\u00f6nelik y\u00fcr\u00fct\u00fclen \u00e7al\u0131\u015fmalar kapsam\u0131nda \u2019su\u00e7 i\u015flemek amac\u0131yla silahl\u0131 \u00f6rg\u00fct kurmak, y\u00f6netmek ve \u00f6rg\u00fcte \u00fcye olmak ile \u00f6rg\u00fct faaliyetleri \u00e7er\u00e7evesinde kasten adam \u00f6ld\u00fcrme, kasten yaralama, nitelikli doland\u0131r\u0131c\u0131l\u0131k, yasa d\u0131\u015f\u0131 silah ticareti yapma ve mala zarar verme\u2019 su\u00e7lar\u0131na kar\u0131\u015fan su\u00e7 \u00f6rg\u00fct\u00fcne y\u00f6nelik olarak 04 \u015eubat 2025 tarihinde ger\u00e7ekle\u015ftirilen operasyonda 31 \u015f\u00fcpheli tutukland\u0131.<\/p>\n<p>Organize su\u00e7 \u00f6rg\u00fct\u00fcn\u00fcn tamamen \u00e7\u00f6kertilmesi amac\u0131yla KOM ekipleri taraf\u0131ndan devam ettirilen \u00e7al\u0131\u015fmalarda, organize su\u00e7 \u00f6rg\u00fct\u00fc ile ba\u011flant\u0131l\u0131 olduklar\u0131 tespit edilen 17 \u015f\u00fcphelinin yakalanmas\u0131 i\u00e7in ikinci dalga operasyon d\u00fczenlendi. Denizli Cumhuriyet Ba\u015fsavc\u0131l\u0131\u011f\u0131 koordinesinde y\u00fcr\u00fct\u00fclen e\u015f zamanl\u0131 operasyonlarda \u2019\u00f6rg\u00fcte \u00fcye olmak ile \u00f6rg\u00fct faaliyetleri \u00e7er\u00e7evesinde nitelikli doland\u0131r\u0131c\u0131l\u0131k ve yasa d\u0131\u015f\u0131 silah ticareti yapma\u2019 su\u00e7lar\u0131ndan haklar\u0131nda arama karar\u0131 \u00e7\u0131kart\u0131lan 17 \u015f\u00fcpheli yakaland\u0131.<\/p>\n<p>Emniyetteki sorgular\u0131n\u0131n ard\u0131ndan adli makamlara sevk edilen \u015f\u00fcphelilerden 5\u2019i hakk\u0131nda adli kontrol karar\u0131 verilirken, 12 \u015f\u00fcpheli ise tutuklanarak cezaevine g\u00f6nderildi. \u0130kinci dalga operasyonla birlikte organize su\u00e7 \u00f6rg\u00fct\u00fcne y\u00f6nelik operasyonlarda tutuklanan \u00f6rg\u00fct \u00fcyesinin say\u0131s\u0131 43\u2019e y\u00fckseldi.<br \/><\/p>\n","protected":false},"excerpt":{"rendered":"<p>Denizli\u2019de ge\u00e7ti\u011fimiz \u015fubat ay\u0131nda 31 \u00fcyesi tutuklanan su\u00e7 \u00f6rg\u00fct\u00fcne y\u00f6nelik d\u00fczenlenen ikinci dalga operasyonda g\u00f6zalt\u0131na al\u0131nan 17 \u015f\u00fcpheliden 12\u2019si daha tutukland\u0131. Edinilen bilgiye g\u00f6re, Denizli Emniyet M\u00fcd\u00fcrl\u00fc\u011f\u00fc Ka\u00e7ak\u00e7\u0131l\u0131k ve Organize Su\u00e7larla M\u00fccadele \u015eube M\u00fcd\u00fcrl\u00fc\u011f\u00fc ekipleri taraf\u0131ndan, il genelinde bulunan organize su\u00e7 \u00f6rg\u00fct\u00fcne y\u00f6nelik y\u00fcr\u00fct\u00fclen \u00e7al\u0131\u015fmalar kapsam\u0131nda \u2019su\u00e7 i\u015flemek amac\u0131yla silahl\u0131 \u00f6rg\u00fct kurmak, y\u00f6netmek ve \u00f6rg\u00fcte&#8230;<\/p>\n","protected":false},"author":1,"featured_media":80085,"comment_status":"open","ping_status":"open","sticky":false,"template":"","format":"standard","meta":{"_crdt_document":"","footnotes":""},"categories":[5],"tags":[],"class_list":["post-80084","post","type-post","status-publish","format-standard","has-post-thumbnail","hentry","category-asayis"],"_links":{"self":[{"href":"https:\/\/www.egemtv.com\/index.php?rest_route=\/wp\/v2\/posts\/80084","targetHints":{"allow":["GET"]}}],"collection":[{"href":"https:\/\/www.egemtv.com\/index.php?rest_route=\/wp\/v2\/posts"}],"about":[{"href":"https:\/\/www.egemtv.com\/index.php?rest_route=\/wp\/v2\/types\/post"}],"author":[{"embeddable":true,"href":"https:\/\/www.egemtv.com\/index.php?rest_route=\/wp\/v2\/users\/1"}],"replies":[{"embeddable":true,"href":"https:\/\/www.egemtv.com\/index.php?rest_route=%2Fwp%2Fv2%2Fcomments&post=80084"}],"version-history":[{"count":1,"href":"https:\/\/www.egemtv.com\/index.php?rest_route=\/wp\/v2\/posts\/80084\/revisions"}],"predecessor-version":[{"id":80086,"href":"https:\/\/www.egemtv.com\/index.php?rest_route=\/wp\/v2\/posts\/80084\/revisions\/80086"}],"wp:featuredmedia":[{"embeddable":true,"href":"https:\/\/www.egemtv.com\/index.php?rest_route=\/wp\/v2\/media\/80085"}],"wp:attachment":[{"href":"https:\/\/www.egemtv.com\/index.php?rest_route=%2Fwp%2Fv2%2Fmedia&parent=80084"}],"wp:term":[{"taxonomy":"category","embeddable":true,"href":"https:\/\/www.egemtv.com\/index.php?rest_route=%2Fwp%2Fv2%2Fcategories&post=80084"},{"taxonomy":"post_tag","embeddable":true,"href":"https:\/\/www.egemtv.com\/index.php?rest_route=%2Fwp%2Fv2%2Ftags&post=80084"}],"curies":[{"name":"wp","href":"https:\/\/api.w.org\/{rel}","templated":true}]}}