{"id":80081,"date":"2026-01-12T09:34:50","date_gmt":"2026-01-12T06:34:50","guid":{"rendered":"https:\/\/www.egemtv.com\/?p=80081"},"modified":"2026-01-12T09:34:51","modified_gmt":"2026-01-12T06:34:51","slug":"baskan-kaya-vatandaslarin-sorunlarini-dinledi","status":"publish","type":"post","link":"https:\/\/www.egemtv.com\/?p=80081","title":{"rendered":"Ba\u015fkan Kaya, vatanda\u015flar\u0131n sorunlar\u0131n\u0131 dinledi"},"content":{"rendered":"<p>\u0130ncirliova Belediye Ba\u015fkan\u0131 Aytekin Kaya, Hamitler Mahallesi\u2019nde vatanda\u015flarla bulu\u015farak mahallelinin sorunlar\u0131n\u0131 dinledi.<\/p>\n<p>\u0130ncirliova Belediye Ba\u015fkan\u0131 Aytekin Kaya, \u0130ncirliova Muhtarlar Derne\u011fi Ba\u015fkan\u0131 ve H\u00fcrriyet Mahallesi Muhtar\u0131 Tuncay Y\u0131ld\u0131zer, Arzular Mahallesi Muhtar\u0131 \u00dcmit \u00d6zkan ve Erbeyli Mahallesi Muhtar\u0131 Tun\u00e7 Ayd\u0131n ile birlikte Hamitler Mahallesi Muhtarl\u0131\u011f\u0131 K\u00f6y Kona\u011f\u0131\u2019nda vatanda\u015flarla bulu\u015farak sohbet etti.<\/p>\n<p>Ba\u015fkan Kaya ziyaretle ilgili olarak yapt\u0131\u011f\u0131 a\u00e7\u0131klamada, &#8220;Mahallemizin ihtiya\u00e7lar\u0131na ili\u015fkin mahalle sakinlerimizin g\u00f6r\u00fc\u015f \u00f6neri ve taleplerini dinleyerek ilgili birimlerimize gerekli talimatlar\u0131 verdik. Hamitler Mahallesi Muhtar\u0131m\u0131z Ahmet Atar ve t\u00fcm vatanda\u015flar\u0131m\u0131za bizlere g\u00f6sterdikleri yak\u0131n ilgi ve misafirperverlikleri i\u00e7in ayr\u0131 ayr\u0131 te\u015fekk\u00fcr ediyorum&#8221; dedi.<br \/><\/p>\n","protected":false},"excerpt":{"rendered":"<p>\u0130ncirliova Belediye Ba\u015fkan\u0131 Aytekin Kaya, Hamitler Mahallesi\u2019nde vatanda\u015flarla bulu\u015farak mahallelinin sorunlar\u0131n\u0131 dinledi. \u0130ncirliova Belediye Ba\u015fkan\u0131 Aytekin Kaya, \u0130ncirliova Muhtarlar Derne\u011fi Ba\u015fkan\u0131 ve H\u00fcrriyet Mahallesi Muhtar\u0131 Tuncay Y\u0131ld\u0131zer, Arzular Mahallesi Muhtar\u0131 \u00dcmit \u00d6zkan ve Erbeyli Mahallesi Muhtar\u0131 Tun\u00e7 Ayd\u0131n ile birlikte Hamitler Mahallesi Muhtarl\u0131\u011f\u0131 K\u00f6y Kona\u011f\u0131\u2019nda vatanda\u015flarla bulu\u015farak sohbet etti. Ba\u015fkan Kaya ziyaretle ilgili olarak yapt\u0131\u011f\u0131&#8230;<\/p>\n","protected":false},"author":1,"featured_media":80082,"comment_status":"open","ping_status":"open","sticky":false,"template":"","format":"standard","meta":{"_crdt_document":"","footnotes":""},"categories":[1],"tags":[],"class_list":["post-80081","post","type-post","status-publish","format-standard","has-post-thumbnail","hentry","category-guncel"],"_links":{"self":[{"href":"https:\/\/www.egemtv.com\/index.php?rest_route=\/wp\/v2\/posts\/80081","targetHints":{"allow":["GET"]}}],"collection":[{"href":"https:\/\/www.egemtv.com\/index.php?rest_route=\/wp\/v2\/posts"}],"about":[{"href":"https:\/\/www.egemtv.com\/index.php?rest_route=\/wp\/v2\/types\/post"}],"author":[{"embeddable":true,"href":"https:\/\/www.egemtv.com\/index.php?rest_route=\/wp\/v2\/users\/1"}],"replies":[{"embeddable":true,"href":"https:\/\/www.egemtv.com\/index.php?rest_route=%2Fwp%2Fv2%2Fcomments&post=80081"}],"version-history":[{"count":1,"href":"https:\/\/www.egemtv.com\/index.php?rest_route=\/wp\/v2\/posts\/80081\/revisions"}],"predecessor-version":[{"id":80083,"href":"https:\/\/www.egemtv.com\/index.php?rest_route=\/wp\/v2\/posts\/80081\/revisions\/80083"}],"wp:featuredmedia":[{"embeddable":true,"href":"https:\/\/www.egemtv.com\/index.php?rest_route=\/wp\/v2\/media\/80082"}],"wp:attachment":[{"href":"https:\/\/www.egemtv.com\/index.php?rest_route=%2Fwp%2Fv2%2Fmedia&parent=80081"}],"wp:term":[{"taxonomy":"category","embeddable":true,"href":"https:\/\/www.egemtv.com\/index.php?rest_route=%2Fwp%2Fv2%2Fcategories&post=80081"},{"taxonomy":"post_tag","embeddable":true,"href":"https:\/\/www.egemtv.com\/index.php?rest_route=%2Fwp%2Fv2%2Ftags&post=80081"}],"curies":[{"name":"wp","href":"https:\/\/api.w.org\/{rel}","templated":true}]}}