{"id":80078,"date":"2026-01-12T09:14:39","date_gmt":"2026-01-12T06:14:39","guid":{"rendered":"https:\/\/www.egemtv.com\/?p=80078"},"modified":"2026-01-12T09:14:39","modified_gmt":"2026-01-12T06:14:39","slug":"usta-sanatci-talip-ozkan-denizlide-turkulerle-anildi","status":"publish","type":"post","link":"https:\/\/www.egemtv.com\/?p=80078","title":{"rendered":"Usta sanat\u00e7\u0131 Talip \u00d6zkan, Denizli\u2019de t\u00fcrk\u00fclerle an\u0131ld\u0131"},"content":{"rendered":"<p>T\u00fcrk halk m\u00fczi\u011finin bilimsel ve sanatsal miras\u0131na \u00f6mr\u00fcn\u00fc adam\u0131\u015f b\u00fcy\u00fck usta Talip \u00d6zkan, Denizli\u2019de anlaml\u0131 bir konserle and\u0131. Sanat\u00e7\u0131 Tolga \u00c7andar ile \u0130zmirli nefesli sazlar ustas\u0131 Halil \u00c7oky\u00fcrekli\u2019nin Denizlililerle bulu\u015ftu\u011fu bu \u00f6zel gecede, Talip \u00d6zkan\u2019\u0131n k\u0131z\u0131 Aybala Yent\u00fcrk duygu dolu anlar ya\u015fad\u0131.<\/p>\n<p>Denizli\u2019de \u015eef \u0130smail Barkan y\u00f6netiminde &#8220;Talip \u00d6zkan\u2019\u0131 Anma Konseri&#8221; d\u00fczenledi. Denizli B\u00fcy\u00fck\u015fehir Belediyesi Kongre ve K\u00fclt\u00fcr Merkezi \u00d6zay G\u00f6nl\u00fcm Salonu\u2019nda ger\u00e7ekle\u015fen bu \u00f6zel geceye Talip \u00d6zkan\u2019\u0131n k\u0131z\u0131 Aybala Yent\u00fcrk, o\u011flu Tarkan \u00d6zkan ile \u00e7ok say\u0131da davetli ve vatanda\u015flar kat\u0131ld\u0131.<\/p>\n<p>Usta sanat\u00e7\u0131n\u0131n hayat\u0131n\u0131 anlatan k\u0131sa bir belgesel filmiyle ba\u015flayan konserde, T\u00fcrk halk m\u00fczi\u011finin g\u00fc\u00e7l\u00fc yorumcular\u0131ndan Tolga \u00c7andar, ustan\u0131n eserlerini ve Anadolu\u2019nun kadim ezgilerini seslendirdi. Gecede ayr\u0131ca, \u0130zmirli nefesli sazlar ustas\u0131, Ege \u00dcniversitesi Devlet T\u00fcrk Musikisi Konservatuvar\u0131\u2019nda zurna ve mey dersleri veren Halil \u00c7oky\u00fcrekli de sahne alarak g\u00f6n\u00fclleri mest etti.<\/p>\n<p>&#8220;Talip \u00d6zkan bu topraklar\u0131n \u00e7ocu\u011fuydu&#8221;<br \/>\n<br \/>Anlaml\u0131 organizasyon i\u00e7in te\u015fekk\u00fcr eden Aybala Yent\u00fcrk, sanat\u0131yla t\u00fcm T\u00fcrkiye\u2019ye ve t\u00fcm d\u00fcnyaya mal olmu\u015f bir sanat\u00e7\u0131n\u0131n k\u0131z\u0131 olmaktan b\u00fcy\u00fck bir gurur duydu\u011funu ifade ederek s\u00f6zlerine ba\u015flad\u0131. Yent\u00fcrk, &#8220;Ba\u011flamay\u0131 b\u00fct\u00fcn d\u00fcnya sahnesine tan\u0131tan, ba\u011flaman\u0131n virt\u00fc\u00f6zite sergilenebilecek bir enstr\u00fcman oldu\u011funu herkese g\u00f6steren ve bunu da kan\u0131tlayan bir sanat\u00e7\u0131yd\u0131. Talip \u00d6zkan, bu co\u011frafyan\u0131n insan\u0131yd\u0131 ama hi\u00e7bir zaman sadece bu b\u00f6lgenin sesi olmad\u0131. O, b\u00fct\u00fcn Anadolu\u2019nun sesi oldu. Bug\u00fcn hep birlikte onu t\u00fcrk\u00fclerde yine ya\u015fat\u0131yoruz&#8221; dedi.<\/p>\n<p>T\u00fcrk halk m\u00fczi\u011finin se\u00e7kin eserleri seslendirildi<br \/>\n<br \/>Gecenin sonunda, salonu dolduran sanatseverler hep bir a\u011f\u0131zdan seslendirilen t\u00fcrk\u00fclerle unutulmaz bir ak\u015fam ya\u015farken, usta sanat\u00e7\u0131 Talip \u00d6zkan\u2019\u0131n miras\u0131n\u0131n gelecek nesillere aktar\u0131lmas\u0131n\u0131n \u00f6nemi bir kez daha vurguland\u0131.<br \/><\/p>\n","protected":false},"excerpt":{"rendered":"<p>T\u00fcrk halk m\u00fczi\u011finin bilimsel ve sanatsal miras\u0131na \u00f6mr\u00fcn\u00fc adam\u0131\u015f b\u00fcy\u00fck usta Talip \u00d6zkan, Denizli\u2019de anlaml\u0131 bir konserle and\u0131. Sanat\u00e7\u0131 Tolga \u00c7andar ile \u0130zmirli nefesli sazlar ustas\u0131 Halil \u00c7oky\u00fcrekli\u2019nin Denizlililerle bulu\u015ftu\u011fu bu \u00f6zel gecede, Talip \u00d6zkan\u2019\u0131n k\u0131z\u0131 Aybala Yent\u00fcrk duygu dolu anlar ya\u015fad\u0131. Denizli\u2019de \u015eef \u0130smail Barkan y\u00f6netiminde &#8220;Talip \u00d6zkan\u2019\u0131 Anma Konseri&#8221; d\u00fczenledi. Denizli B\u00fcy\u00fck\u015fehir Belediyesi&#8230;<\/p>\n","protected":false},"author":1,"featured_media":80079,"comment_status":"open","ping_status":"open","sticky":false,"template":"","format":"standard","meta":{"_crdt_document":"","footnotes":""},"categories":[1],"tags":[],"class_list":["post-80078","post","type-post","status-publish","format-standard","has-post-thumbnail","hentry","category-guncel"],"_links":{"self":[{"href":"https:\/\/www.egemtv.com\/index.php?rest_route=\/wp\/v2\/posts\/80078","targetHints":{"allow":["GET"]}}],"collection":[{"href":"https:\/\/www.egemtv.com\/index.php?rest_route=\/wp\/v2\/posts"}],"about":[{"href":"https:\/\/www.egemtv.com\/index.php?rest_route=\/wp\/v2\/types\/post"}],"author":[{"embeddable":true,"href":"https:\/\/www.egemtv.com\/index.php?rest_route=\/wp\/v2\/users\/1"}],"replies":[{"embeddable":true,"href":"https:\/\/www.egemtv.com\/index.php?rest_route=%2Fwp%2Fv2%2Fcomments&post=80078"}],"version-history":[{"count":1,"href":"https:\/\/www.egemtv.com\/index.php?rest_route=\/wp\/v2\/posts\/80078\/revisions"}],"predecessor-version":[{"id":80080,"href":"https:\/\/www.egemtv.com\/index.php?rest_route=\/wp\/v2\/posts\/80078\/revisions\/80080"}],"wp:featuredmedia":[{"embeddable":true,"href":"https:\/\/www.egemtv.com\/index.php?rest_route=\/wp\/v2\/media\/80079"}],"wp:attachment":[{"href":"https:\/\/www.egemtv.com\/index.php?rest_route=%2Fwp%2Fv2%2Fmedia&parent=80078"}],"wp:term":[{"taxonomy":"category","embeddable":true,"href":"https:\/\/www.egemtv.com\/index.php?rest_route=%2Fwp%2Fv2%2Fcategories&post=80078"},{"taxonomy":"post_tag","embeddable":true,"href":"https:\/\/www.egemtv.com\/index.php?rest_route=%2Fwp%2Fv2%2Ftags&post=80078"}],"curies":[{"name":"wp","href":"https:\/\/api.w.org\/{rel}","templated":true}]}}