{"id":80075,"date":"2026-01-12T09:14:38","date_gmt":"2026-01-12T06:14:38","guid":{"rendered":"https:\/\/www.egemtv.com\/?p=80075"},"modified":"2026-01-12T09:14:38","modified_gmt":"2026-01-12T06:14:38","slug":"yuksek-gerelim-hatti-insaata-devrildi","status":"publish","type":"post","link":"https:\/\/www.egemtv.com\/?p=80075","title":{"rendered":"Y\u00fcksek gerelim hatt\u0131 in\u015faata devrildi"},"content":{"rendered":"<p>DEN\u0130ZL\u0130 (\u0130HA) \u2013 Denizli\u2019nin Bulsan il\u00e7esinde \u015fiddetli f\u0131rt\u0131na nedeniyle devam eden bir in\u015faat\u0131n \u00fczerine devrilen y\u00fcksek gerilim hatt\u0131, elektrik kesintisine neden oldu.<\/p>\n<p>Edinilen bilgiye g\u00f6re; Buldan il\u00e7esine ba\u011fl\u0131 Yeni Mahalle \u00d6k\u00fczler \u00c7e\u015fmesi kar\u015f\u0131s\u0131nda bulunan y\u00fcksek gerilim dire\u011fi, Denizli\u2019de hafta sonu etkili olan \u015fiddetli f\u0131rt\u0131na ve ya\u011f\u0131\u015fla birlikte hasar al\u0131nca b\u00f6lgede devam eden bir in\u015faata devrildi.  K\u0131sa bir s\u00fcre Buldan\u2019\u0131n pek \u00e7ok b\u00f6lgesinde elektrik ak\u0131m\u0131n\u0131n kesilmesine neden olan olay\u0131n ard\u0131ndan, y\u00fcklenici firma ekipleri taraf\u0131ndan h\u0131zla devrilen dire\u011fe m\u00fcdahale edilerek, il\u00e7eye yeniden enerji verildi.<\/p>\n<p>\u00d6te yandan, \u015fiddetli ya\u011f\u0131\u015f nedeniyle Manisa- Denizli karayolu B\u00f6lmekaya mevkiinde yoldan \u00e7\u0131kan t\u0131r, \u015farampole devrildi. Meydana gelen kazada t\u0131rda maddi hasar olu\u015furken, can kayb\u0131 ya\u015fanmad\u0131.<br \/><\/p>\n","protected":false},"excerpt":{"rendered":"<p>DEN\u0130ZL\u0130 (\u0130HA) \u2013 Denizli\u2019nin Bulsan il\u00e7esinde \u015fiddetli f\u0131rt\u0131na nedeniyle devam eden bir in\u015faat\u0131n \u00fczerine devrilen y\u00fcksek gerilim hatt\u0131, elektrik kesintisine neden oldu. Edinilen bilgiye g\u00f6re; Buldan il\u00e7esine ba\u011fl\u0131 Yeni Mahalle \u00d6k\u00fczler \u00c7e\u015fmesi kar\u015f\u0131s\u0131nda bulunan y\u00fcksek gerilim dire\u011fi, Denizli\u2019de hafta sonu etkili olan \u015fiddetli f\u0131rt\u0131na ve ya\u011f\u0131\u015fla birlikte hasar al\u0131nca b\u00f6lgede devam eden bir in\u015faata devrildi&#8230;.<\/p>\n","protected":false},"author":1,"featured_media":80076,"comment_status":"open","ping_status":"open","sticky":false,"template":"","format":"standard","meta":{"_crdt_document":"","footnotes":""},"categories":[5],"tags":[],"class_list":["post-80075","post","type-post","status-publish","format-standard","has-post-thumbnail","hentry","category-asayis"],"_links":{"self":[{"href":"https:\/\/www.egemtv.com\/index.php?rest_route=\/wp\/v2\/posts\/80075","targetHints":{"allow":["GET"]}}],"collection":[{"href":"https:\/\/www.egemtv.com\/index.php?rest_route=\/wp\/v2\/posts"}],"about":[{"href":"https:\/\/www.egemtv.com\/index.php?rest_route=\/wp\/v2\/types\/post"}],"author":[{"embeddable":true,"href":"https:\/\/www.egemtv.com\/index.php?rest_route=\/wp\/v2\/users\/1"}],"replies":[{"embeddable":true,"href":"https:\/\/www.egemtv.com\/index.php?rest_route=%2Fwp%2Fv2%2Fcomments&post=80075"}],"version-history":[{"count":1,"href":"https:\/\/www.egemtv.com\/index.php?rest_route=\/wp\/v2\/posts\/80075\/revisions"}],"predecessor-version":[{"id":80077,"href":"https:\/\/www.egemtv.com\/index.php?rest_route=\/wp\/v2\/posts\/80075\/revisions\/80077"}],"wp:featuredmedia":[{"embeddable":true,"href":"https:\/\/www.egemtv.com\/index.php?rest_route=\/wp\/v2\/media\/80076"}],"wp:attachment":[{"href":"https:\/\/www.egemtv.com\/index.php?rest_route=%2Fwp%2Fv2%2Fmedia&parent=80075"}],"wp:term":[{"taxonomy":"category","embeddable":true,"href":"https:\/\/www.egemtv.com\/index.php?rest_route=%2Fwp%2Fv2%2Fcategories&post=80075"},{"taxonomy":"post_tag","embeddable":true,"href":"https:\/\/www.egemtv.com\/index.php?rest_route=%2Fwp%2Fv2%2Ftags&post=80075"}],"curies":[{"name":"wp","href":"https:\/\/api.w.org\/{rel}","templated":true}]}}