{"id":80069,"date":"2026-01-12T00:34:38","date_gmt":"2026-01-11T21:34:38","guid":{"rendered":"https:\/\/www.egemtv.com\/?p=80069"},"modified":"2026-01-12T00:34:39","modified_gmt":"2026-01-11T21:34:39","slug":"mugla-buyuksehir-ekiplerinin-kar-mesaisi-basladi","status":"publish","type":"post","link":"https:\/\/www.egemtv.com\/?p=80069","title":{"rendered":"Mu\u011fla B\u00fcy\u00fck\u015fehir ekiplerinin kar mesaisi ba\u015flad\u0131"},"content":{"rendered":"<p>Mu\u011fla B\u00fcy\u00fck\u015fehir Belediyesi Fen \u0130\u015fleri M\u00fcd\u00fcrl\u00fc\u011f\u00fc ekipleri, Mu\u011fla\u2019n\u0131n y\u00fcksek kesimlerinde etkili olan kar ya\u011f\u0131\u015f\u0131n\u0131n ard\u0131ndan karla m\u00fccadele \u00e7al\u0131\u015fmalar\u0131na ba\u015flad\u0131.<br \/>\n<br \/>Ula\u015f\u0131mda aksamalar\u0131n ya\u015fanmamas\u0131 ve yollar\u0131n kapanmamas\u0131 amac\u0131yla harekete ge\u00e7en ekipler, ak\u015fam saatlerinden itibaren sahada g\u00f6rev yapt\u0131. \u00c7al\u0131\u015fmalar kapsam\u0131nda Mente\u015fe Koza\u011fa\u00e7-Kavakl\u0131dere yolunda kar k\u00fcreme ve yol a\u00e7ma \u00e7al\u0131\u015fmalar\u0131 ger\u00e7ekle\u015ftirildi.<br \/>\n<br \/>Yetkililer, kar ya\u011f\u0131\u015f\u0131n\u0131n devam etmesi ihtimaline kar\u015f\u0131 ekiplerin teyakkuz halinde oldu\u011funu bildirdi.<br \/><\/p>\n","protected":false},"excerpt":{"rendered":"<p>Mu\u011fla B\u00fcy\u00fck\u015fehir Belediyesi Fen \u0130\u015fleri M\u00fcd\u00fcrl\u00fc\u011f\u00fc ekipleri, Mu\u011fla\u2019n\u0131n y\u00fcksek kesimlerinde etkili olan kar ya\u011f\u0131\u015f\u0131n\u0131n ard\u0131ndan karla m\u00fccadele \u00e7al\u0131\u015fmalar\u0131na ba\u015flad\u0131. Ula\u015f\u0131mda aksamalar\u0131n ya\u015fanmamas\u0131 ve yollar\u0131n kapanmamas\u0131 amac\u0131yla harekete ge\u00e7en ekipler, ak\u015fam saatlerinden itibaren sahada g\u00f6rev yapt\u0131. \u00c7al\u0131\u015fmalar kapsam\u0131nda Mente\u015fe Koza\u011fa\u00e7-Kavakl\u0131dere yolunda kar k\u00fcreme ve yol a\u00e7ma \u00e7al\u0131\u015fmalar\u0131 ger\u00e7ekle\u015ftirildi. Yetkililer, kar ya\u011f\u0131\u015f\u0131n\u0131n devam etmesi ihtimaline kar\u015f\u0131 ekiplerin&#8230;<\/p>\n","protected":false},"author":1,"featured_media":80070,"comment_status":"open","ping_status":"open","sticky":false,"template":"","format":"standard","meta":{"_crdt_document":"","footnotes":""},"categories":[1],"tags":[],"class_list":["post-80069","post","type-post","status-publish","format-standard","has-post-thumbnail","hentry","category-guncel"],"_links":{"self":[{"href":"https:\/\/www.egemtv.com\/index.php?rest_route=\/wp\/v2\/posts\/80069","targetHints":{"allow":["GET"]}}],"collection":[{"href":"https:\/\/www.egemtv.com\/index.php?rest_route=\/wp\/v2\/posts"}],"about":[{"href":"https:\/\/www.egemtv.com\/index.php?rest_route=\/wp\/v2\/types\/post"}],"author":[{"embeddable":true,"href":"https:\/\/www.egemtv.com\/index.php?rest_route=\/wp\/v2\/users\/1"}],"replies":[{"embeddable":true,"href":"https:\/\/www.egemtv.com\/index.php?rest_route=%2Fwp%2Fv2%2Fcomments&post=80069"}],"version-history":[{"count":1,"href":"https:\/\/www.egemtv.com\/index.php?rest_route=\/wp\/v2\/posts\/80069\/revisions"}],"predecessor-version":[{"id":80071,"href":"https:\/\/www.egemtv.com\/index.php?rest_route=\/wp\/v2\/posts\/80069\/revisions\/80071"}],"wp:featuredmedia":[{"embeddable":true,"href":"https:\/\/www.egemtv.com\/index.php?rest_route=\/wp\/v2\/media\/80070"}],"wp:attachment":[{"href":"https:\/\/www.egemtv.com\/index.php?rest_route=%2Fwp%2Fv2%2Fmedia&parent=80069"}],"wp:term":[{"taxonomy":"category","embeddable":true,"href":"https:\/\/www.egemtv.com\/index.php?rest_route=%2Fwp%2Fv2%2Fcategories&post=80069"},{"taxonomy":"post_tag","embeddable":true,"href":"https:\/\/www.egemtv.com\/index.php?rest_route=%2Fwp%2Fv2%2Ftags&post=80069"}],"curies":[{"name":"wp","href":"https:\/\/api.w.org\/{rel}","templated":true}]}}