{"id":80063,"date":"2026-01-11T22:34:52","date_gmt":"2026-01-11T19:34:52","guid":{"rendered":"https:\/\/www.egemtv.com\/?p=80063"},"modified":"2026-01-11T22:34:52","modified_gmt":"2026-01-11T19:34:52","slug":"cesme-esnaf-ve-sanatkarlar-odasinda-osman-kofuncu-dorduncu-kez-baskan-secildi","status":"publish","type":"post","link":"https:\/\/www.egemtv.com\/?p=80063","title":{"rendered":"\u00c7e\u015fme Esnaf ve Sanatk\u00e2rlar Odas\u0131\u2019nda Osman K\u00f6f\u00fcnc\u00fc d\u00f6rd\u00fcnc\u00fc kez ba\u015fkan se\u00e7ildi"},"content":{"rendered":"<p>\u00c7e\u015fme Esnaf ve Sanatk\u00e2rlar Odas\u0131 Genel Kurulunda mevcut ba\u015fkan Osman Rak\u0131p K\u00f6f\u00fcnc\u00fc, d\u00f6rd\u00fcnc\u00fc kez ba\u015fkanl\u0131\u011fa se\u00e7ildi. Yo\u011fun kat\u0131l\u0131m\u0131n dikkat \u00e7ekti\u011fi genel kurulda demokrasi vurgusu \u00f6ne \u00e7\u0131kt\u0131.<br \/>\n<br \/>\u00c7akabey K\u00fclt\u00fcr Merkezi\u2019nde ger\u00e7ekle\u015ftirilen genel kurula \u00c7e\u015fme Belediye Ba\u015fkan\u0131 Lal Denizli, siyasi parti temsilcileri, sivil toplum kurulu\u015flar\u0131n\u0131n ba\u015fkanlar\u0131 ve \u00e7ok say\u0131da oda \u00fcyesi kat\u0131ld\u0131. Salonun tamamen doldu\u011fu genel kurulda birlik ve dayan\u0131\u015fma mesajlar\u0131 \u00f6n plana \u00e7\u0131kt\u0131. Genel kurulun divan ba\u015fkanl\u0131\u011f\u0131n\u0131 Hulusi Demir y\u00fcr\u00fct\u00fcrken, divanda Ahmet Birol Ayd\u0131nhan, \u00d6mer \u00d6nal, Levent Baykal ve Deniz Ahilik yer ald\u0131. Toplant\u0131da y\u00f6netim kurulu faaliyet raporu, denetim kurulu faaliyet raporu ile bilan\u00e7o ve gelir-gider tablolar\u0131 g\u00f6r\u00fc\u015f\u00fclerek \u00fcyelerin oyuna sunuldu. T\u00fcm raporlar oy birli\u011fiyle kabul edilirken, y\u00f6netim ve denetim kurullar\u0131 ibra edildi.<\/p>\n<p>&#8220;Bu demokratik kazan\u0131mlara sahip \u00e7\u0131kmal\u0131y\u0131z&#8221;<br \/>\n<br \/>Genel kurulda konu\u015fan \u00c7e\u015fme Belediye Ba\u015fkan\u0131 Lal Denizli, genel kurullar\u0131n ve se\u00e7imlerin demokrasinin temel ta\u015flar\u0131 oldu\u011funu vurgulad\u0131. Belediye olarak esnaf odalar\u0131yla uyum i\u00e7inde \u00e7al\u0131\u015fmaya \u00f6nem verdiklerini belirten Denizli, kentsel tasar\u0131m rehberi \u00e7al\u0131\u015fmalar\u0131 hakk\u0131nda da bilgi verdi. Ala\u00e7at\u0131\u2019da tamamlanan kentsel tasar\u0131m rehberinin ard\u0131ndan \u00c7e\u015fme merkezinde \u0130nk\u0131lap Caddesi, Uzun Sokak, Bal\u0131k\u00e7\u0131lar ve Terziler Soka\u011f\u0131\u2019nda uygulamalar\u0131n ba\u015flayaca\u011f\u0131n\u0131 ifade eden Denizli, esnafa toplant\u0131lara daha fazla kat\u0131l\u0131m \u00e7a\u011fr\u0131s\u0131nda bulundu. Denizli, belediyenin oda ve STK se\u00e7imlerinde tarafs\u0131z duru\u015funu da vurgulayarak, &#8220;Kazanan \u00c7e\u015fme olsun, kazanan \u00c7e\u015fme esnaf\u0131 olsun&#8221; dedi.<\/p>\n<p>Ba\u015fkan adaylar\u0131 projelerini anlatt\u0131<br \/>\n<br \/>Ba\u015fkan adaylar\u0131ndan Erman T\u0131naz, kat\u0131l\u0131mc\u0131, \u015feffaf ve dayan\u0131\u015fmac\u0131 bir y\u00f6netim anlay\u0131\u015f\u0131 hedeflediklerini s\u00f6yledi. Karar s\u00fcre\u00e7lerinde t\u00fcm \u00fcyelerin s\u00f6z sahibi olaca\u011f\u0131 bir yap\u0131 olu\u015fturmak istediklerini belirten T\u0131naz, e\u011fitimler, etkinlikler ve ihtiya\u00e7 sahiplerine y\u00f6nelik destek mekanizmalar\u0131 kurmay\u0131 planlad\u0131klar\u0131n\u0131 ifade etti.<br \/>\n<br \/>Di\u011fer aday \u0130brahim G\u00fcnen ise esnafl\u0131\u011f\u0131n kendisi i\u00e7in bir meslekten \u00f6te, aileden gelen bir miras oldu\u011funu dile getirdi. Odan\u0131n daha \u00e7a\u011fda\u015f, eri\u015filebilir ve esnaf\u0131n yan\u0131nda olan bir yap\u0131ya kavu\u015fmas\u0131 gerekti\u011fini belirten G\u00fcnen, online \u00f6deme sistemi, \u00fccretsiz hukuki dan\u0131\u015fmanl\u0131k, meslek gruplar\u0131na \u00f6zel toplant\u0131lar ve \u00c7e\u015fme Sanayi Sitesi projesi gibi vaatlerini payla\u015ft\u0131.<\/p>\n<p>&#8220;Bu te\u015fkilata 20 y\u0131l\u0131m\u0131 verdim&#8221;<br \/>\n<br \/>Mevcut ba\u015fkan Osman Rak\u0131p K\u00f6f\u00fcnc\u00fc, g\u00f6rev s\u00fcresi boyunca oda y\u00f6netiminde \u015feffafl\u0131\u011fa ve hesap verebilirli\u011fe b\u00fcy\u00fck \u00f6nem verdiklerini vurgulad\u0131. Oda kaynaklar\u0131n\u0131n titizlikle kullan\u0131ld\u0131\u011f\u0131n\u0131 belirten K\u00f6f\u00fcnc\u00fc, esnaf\u0131n vergi, SGK, belediye ve di\u011fer kamu kurumlar\u0131ndaki sorunlar\u0131nda her zaman yanlar\u0131nda olduklar\u0131n\u0131 s\u00f6yledi. K\u00f6f\u00fcnc\u00fc, bug\u00fcne kadar yap\u0131lan \u00e7al\u0131\u015fmalarla \u00c7e\u015fme Esnaf ve Sanatk\u00e2rlar Odas\u0131\u2019n\u0131n T\u00fcrkiye genelindeki odalar aras\u0131nda \u00fcst s\u0131ralarda yer ald\u0131\u011f\u0131n\u0131 ifade ederek, esnaf te\u015fkilat\u0131na 20 y\u0131l\u0131n\u0131 &#8220;namus ve \u015ferefle&#8221; verdi\u011fini dile getirdi.<br \/>\n<br \/>Konu\u015fmalar\u0131n ard\u0131ndan yap\u0131lan oylamada 924 ge\u00e7erli oy kullan\u0131ld\u0131. Osman Rak\u0131p K\u00f6f\u00fcnc\u00fc 457 oy al\u0131rken, Erman T\u0131naz 351, \u0130brahim G\u00fcnen ise 116 oy ald\u0131. Osman Rak\u0131p K\u00f6f\u00fcnc\u00fc, ba\u015fkanl\u0131\u011fa d\u00f6rd\u00fcnc\u00fc kez se\u00e7ilmi\u015f oldu.<br \/>\n<br \/>Yeni y\u00f6netim kurulu asil \u00fcyeleri Cemil Derici, \u00d6nder Soma, B\u00fclent Domatac\u0131, Hakk\u0131 Umut Akbaykal, Y\u0131ld\u0131ray Akk\u0131n, Osman Dikmen, Mustafa Meyvac\u0131, A\u015fk\u0131n D\u00f6nmez, Mehmet Atasoy, Seyit \u00d6mer Camc\u0131 olurken, yedek listede Mustafa Kolay, Erkan Hac\u0131o\u011flu, Muzaffer Akyel, Handan Y\u00fcnl\u00fc, \u0130sa Ercan, Halil \u015een, Fatma Evgin, \u00c7a\u011flar Nas, Erg\u00fcn Yan\u0131k, Ersen Yavuz, Ersen \u00c7ak\u0131r yer ald\u0131.<br \/>\n<br \/>Denetim kurulu asil listesinde Aynur S\u00fcll\u00fc, Filiz Kaday\u0131f\u00e7\u0131 Y\u0131lmaz, Sak\u0131p \u00dcnsal yer al\u0131rken, yedek listede Ayzen Deniz Aydo\u011fdu, Hasan \u00d6ks\u00fcz, T\u00fclay Yamaner yer ald\u0131.<br \/><\/p>\n","protected":false},"excerpt":{"rendered":"<p>\u00c7e\u015fme Esnaf ve Sanatk\u00e2rlar Odas\u0131 Genel Kurulunda mevcut ba\u015fkan Osman Rak\u0131p K\u00f6f\u00fcnc\u00fc, d\u00f6rd\u00fcnc\u00fc kez ba\u015fkanl\u0131\u011fa se\u00e7ildi. Yo\u011fun kat\u0131l\u0131m\u0131n dikkat \u00e7ekti\u011fi genel kurulda demokrasi vurgusu \u00f6ne \u00e7\u0131kt\u0131. \u00c7akabey K\u00fclt\u00fcr Merkezi\u2019nde ger\u00e7ekle\u015ftirilen genel kurula \u00c7e\u015fme Belediye Ba\u015fkan\u0131 Lal Denizli, siyasi parti temsilcileri, sivil toplum kurulu\u015flar\u0131n\u0131n ba\u015fkanlar\u0131 ve \u00e7ok say\u0131da oda \u00fcyesi kat\u0131ld\u0131. Salonun tamamen doldu\u011fu genel kurulda&#8230;<\/p>\n","protected":false},"author":1,"featured_media":80064,"comment_status":"open","ping_status":"open","sticky":false,"template":"","format":"standard","meta":{"_crdt_document":"","footnotes":""},"categories":[1],"tags":[],"class_list":["post-80063","post","type-post","status-publish","format-standard","has-post-thumbnail","hentry","category-guncel"],"_links":{"self":[{"href":"https:\/\/www.egemtv.com\/index.php?rest_route=\/wp\/v2\/posts\/80063","targetHints":{"allow":["GET"]}}],"collection":[{"href":"https:\/\/www.egemtv.com\/index.php?rest_route=\/wp\/v2\/posts"}],"about":[{"href":"https:\/\/www.egemtv.com\/index.php?rest_route=\/wp\/v2\/types\/post"}],"author":[{"embeddable":true,"href":"https:\/\/www.egemtv.com\/index.php?rest_route=\/wp\/v2\/users\/1"}],"replies":[{"embeddable":true,"href":"https:\/\/www.egemtv.com\/index.php?rest_route=%2Fwp%2Fv2%2Fcomments&post=80063"}],"version-history":[{"count":1,"href":"https:\/\/www.egemtv.com\/index.php?rest_route=\/wp\/v2\/posts\/80063\/revisions"}],"predecessor-version":[{"id":80065,"href":"https:\/\/www.egemtv.com\/index.php?rest_route=\/wp\/v2\/posts\/80063\/revisions\/80065"}],"wp:featuredmedia":[{"embeddable":true,"href":"https:\/\/www.egemtv.com\/index.php?rest_route=\/wp\/v2\/media\/80064"}],"wp:attachment":[{"href":"https:\/\/www.egemtv.com\/index.php?rest_route=%2Fwp%2Fv2%2Fmedia&parent=80063"}],"wp:term":[{"taxonomy":"category","embeddable":true,"href":"https:\/\/www.egemtv.com\/index.php?rest_route=%2Fwp%2Fv2%2Fcategories&post=80063"},{"taxonomy":"post_tag","embeddable":true,"href":"https:\/\/www.egemtv.com\/index.php?rest_route=%2Fwp%2Fv2%2Ftags&post=80063"}],"curies":[{"name":"wp","href":"https:\/\/api.w.org\/{rel}","templated":true}]}}