{"id":80060,"date":"2026-01-11T22:34:51","date_gmt":"2026-01-11T19:34:51","guid":{"rendered":"https:\/\/www.egemtv.com\/?p=80060"},"modified":"2026-01-11T22:34:51","modified_gmt":"2026-01-11T19:34:51","slug":"aydin-buyuksehir-belediyesi-ekiplerinden-kar-mesaisi","status":"publish","type":"post","link":"https:\/\/www.egemtv.com\/?p=80060","title":{"rendered":"Ayd\u0131n B\u00fcy\u00fck\u015fehir Belediyesi ekiplerinden kar mesaisi"},"content":{"rendered":"<p>Ayd\u0131n\u2019\u0131n y\u00fcksek kesimlerinde etkili olan kar ya\u011f\u0131\u015f\u0131 sonras\u0131 Ayd\u0131n B\u00fcy\u00fck\u015fehir Belediyesi ekipleri, il genelinde ula\u015f\u0131m\u0131n aksamamas\u0131 ve olumsuzluk ya\u015fanmamas\u0131 i\u00e7in \u00e7al\u0131\u015fmalar\u0131n\u0131 aral\u0131ks\u0131z s\u00fcrd\u00fcr\u00fcyor.<\/p>\n<p>Kar ya\u011f\u0131\u015f\u0131n\u0131n etkili oldu\u011fu b\u00f6lgelerde h\u0131zla harekete ge\u00e7en Ayd\u0131n B\u00fcy\u00fck\u015fehir Belediyesi ekipleri; Efeler il\u00e7esi Pa\u015fayaylas\u0131, K\u00f6\u015fk il\u00e7esinde K\u0131ran, Sar\u0131\u00e7am ve \u00c7atma Mezarl\u0131\u011f\u0131, Sultanhisar il\u00e7esinde Malga\u00e7mustafa, Uzunlar ve Ovac\u0131k Yaylas\u0131, Nazilli il\u00e7esinde Ovac\u0131k ve A\u015fa\u011f\u0131kayac\u0131k, Kuyucak il\u00e7esinde ise Belenova, Ovac\u0131k ve Yukar\u0131 Kayac\u0131k b\u00f6lgelerinde karla m\u00fccadele \u00e7al\u0131\u015fmalar\u0131 ger\u00e7ekle\u015ftiriyor. Fen \u0130\u015fleri ve Ula\u015f\u0131m Daire Ba\u015fkanl\u0131\u011f\u0131 ekipleri taraf\u0131ndan y\u00fcr\u00fct\u00fclen \u00e7al\u0131\u015fmalarda, kar k\u00fcreme ve tuzlama faaliyetleri \u00f6ncelikli olarak yayla yollar\u0131 ve k\u0131rsal mahalle ba\u011flant\u0131 yollar\u0131nda yo\u011funla\u015ft\u0131r\u0131ld\u0131. Ekiplerin, kar ya\u011f\u0131\u015f\u0131n\u0131n ba\u015flad\u0131\u011f\u0131 ilk andan itibaren sahada oldu\u011fu ve yollar\u0131n ula\u015f\u0131ma a\u00e7\u0131k tutulmas\u0131 i\u00e7in yo\u011fun mesai harcad\u0131\u011f\u0131 bildirildi.<\/p>\n<p>Yetkililer, \u00f6zellikle gece ve sabah saatlerinde buzlanma riskinin artt\u0131\u011f\u0131na dikkat \u00e7ekerek s\u00fcr\u00fcc\u00fcleri tedbirli olmalar\u0131 konusunda uyard\u0131. K\u0131\u015f lasti\u011fi ve zincir bulunmayan ara\u00e7lar\u0131n y\u00fcksek kesimlere \u00e7\u0131kmamas\u0131 gerekti\u011fi vurgulan\u0131rken, ekiplerin ya\u011f\u0131\u015f s\u00fcresince b\u00f6lgelerde haz\u0131r bekletilece\u011fi ifade edildi.<\/p>\n<p>Ayd\u0131n B\u00fcy\u00fck\u015fehir Belediye Ba\u015fkan\u0131 \u00d6zlem \u00c7er\u00e7io\u011flu il genelinde kar ya\u011f\u0131\u015f\u0131n\u0131n etkili oldu\u011fu t\u00fcm noktalarda \u00e7al\u0131\u015fmalar\u0131n koordineli \u015fekilde s\u00fcrd\u00fcr\u00fcld\u00fc\u011f\u00fc belirtilerek, vatanda\u015flar\u0131n kar\u015f\u0131la\u015fabilecekleri olumsuzluklar\u0131 belediyeye bildirmelerinin \u00f6nem ta\u015f\u0131d\u0131\u011f\u0131 kaydetti.<br \/><\/p>\n","protected":false},"excerpt":{"rendered":"<p>Ayd\u0131n\u2019\u0131n y\u00fcksek kesimlerinde etkili olan kar ya\u011f\u0131\u015f\u0131 sonras\u0131 Ayd\u0131n B\u00fcy\u00fck\u015fehir Belediyesi ekipleri, il genelinde ula\u015f\u0131m\u0131n aksamamas\u0131 ve olumsuzluk ya\u015fanmamas\u0131 i\u00e7in \u00e7al\u0131\u015fmalar\u0131n\u0131 aral\u0131ks\u0131z s\u00fcrd\u00fcr\u00fcyor. Kar ya\u011f\u0131\u015f\u0131n\u0131n etkili oldu\u011fu b\u00f6lgelerde h\u0131zla harekete ge\u00e7en Ayd\u0131n B\u00fcy\u00fck\u015fehir Belediyesi ekipleri; Efeler il\u00e7esi Pa\u015fayaylas\u0131, K\u00f6\u015fk il\u00e7esinde K\u0131ran, Sar\u0131\u00e7am ve \u00c7atma Mezarl\u0131\u011f\u0131, Sultanhisar il\u00e7esinde Malga\u00e7mustafa, Uzunlar ve Ovac\u0131k Yaylas\u0131, Nazilli il\u00e7esinde Ovac\u0131k&#8230;<\/p>\n","protected":false},"author":1,"featured_media":80061,"comment_status":"open","ping_status":"open","sticky":false,"template":"","format":"standard","meta":{"_crdt_document":"","footnotes":""},"categories":[1],"tags":[],"class_list":["post-80060","post","type-post","status-publish","format-standard","has-post-thumbnail","hentry","category-guncel"],"_links":{"self":[{"href":"https:\/\/www.egemtv.com\/index.php?rest_route=\/wp\/v2\/posts\/80060","targetHints":{"allow":["GET"]}}],"collection":[{"href":"https:\/\/www.egemtv.com\/index.php?rest_route=\/wp\/v2\/posts"}],"about":[{"href":"https:\/\/www.egemtv.com\/index.php?rest_route=\/wp\/v2\/types\/post"}],"author":[{"embeddable":true,"href":"https:\/\/www.egemtv.com\/index.php?rest_route=\/wp\/v2\/users\/1"}],"replies":[{"embeddable":true,"href":"https:\/\/www.egemtv.com\/index.php?rest_route=%2Fwp%2Fv2%2Fcomments&post=80060"}],"version-history":[{"count":1,"href":"https:\/\/www.egemtv.com\/index.php?rest_route=\/wp\/v2\/posts\/80060\/revisions"}],"predecessor-version":[{"id":80062,"href":"https:\/\/www.egemtv.com\/index.php?rest_route=\/wp\/v2\/posts\/80060\/revisions\/80062"}],"wp:featuredmedia":[{"embeddable":true,"href":"https:\/\/www.egemtv.com\/index.php?rest_route=\/wp\/v2\/media\/80061"}],"wp:attachment":[{"href":"https:\/\/www.egemtv.com\/index.php?rest_route=%2Fwp%2Fv2%2Fmedia&parent=80060"}],"wp:term":[{"taxonomy":"category","embeddable":true,"href":"https:\/\/www.egemtv.com\/index.php?rest_route=%2Fwp%2Fv2%2Fcategories&post=80060"},{"taxonomy":"post_tag","embeddable":true,"href":"https:\/\/www.egemtv.com\/index.php?rest_route=%2Fwp%2Fv2%2Ftags&post=80060"}],"curies":[{"name":"wp","href":"https:\/\/api.w.org\/{rel}","templated":true}]}}