{"id":80054,"date":"2026-01-11T20:35:40","date_gmt":"2026-01-11T17:35:40","guid":{"rendered":"https:\/\/www.egemtv.com\/?p=80054"},"modified":"2026-01-11T20:35:41","modified_gmt":"2026-01-11T17:35:41","slug":"cesme-belediyespor-sahasinda-kaybetti","status":"publish","type":"post","link":"https:\/\/www.egemtv.com\/?p=80054","title":{"rendered":"\u00c7e\u015fme Belediyespor sahas\u0131nda kaybetti"},"content":{"rendered":"<p>\u0130zmir S\u00fcper Amat\u00f6r Lig E Grubu\u2019nun 15. haftas\u0131nda \u00c7e\u015fme Belediyespor, sahas\u0131nda konuk etti\u011fi G\u00fczelbah\u00e7e FSK\u2019ya 3-2 ma\u011flup oldu.<br \/>\n<br \/>Kar\u015f\u0131la\u015fmaya etkili ba\u015flayan konuk ekip G\u00fczelbah\u00e7e FSK, m\u00fccadelenin 3. dakikas\u0131nda G\u00f6kcan \u00d6zduman\u2019\u0131n att\u0131\u011f\u0131 golle 1-0 \u00f6ne ge\u00e7ti. Oyundaki \u00fcst\u00fcnl\u00fc\u011f\u00fcn\u00fc ilk yar\u0131 boyunca s\u00fcrd\u00fcren G\u00fczelbah\u00e7e FSK, 37. dakikada Og\u00fcn Bulut\u2019un gol\u00fcyle soyunma odas\u0131na 2-0\u2019l\u0131k avantajla gitti.<br \/>\n<br \/>\u0130kinci yar\u0131da da bask\u0131l\u0131 oyununu devam ettiren G\u00fczelbah\u00e7e FSK, 65. dakikada G\u00fcray Gazio\u011flu\u2019nun kaydetti\u011fi golle skoru 3-0\u2019a ta\u015f\u0131d\u0131.<br \/>\n<br \/>Ev sahibi \u00c7e\u015fme Belediyespor, 76. dakikada Ak\u0131n Alkan\u2019\u0131n penalt\u0131dan att\u0131\u011f\u0131 golle fark\u0131 ikiye indirdi: 3-1. Ma\u00e7\u0131n uzatma dakikalar\u0131nda Berke Sarl\u0131ca\u2019n\u0131n gol\u00fcyle skor 3-2 oldu.<br \/>\n<br \/>Bu gol\u00fcn ard\u0131ndan sahada k\u0131sa s\u00fcreli bir gerginlik ya\u015fan\u0131rken, \u00c7e\u015fme Belediyespor oyuncusu O\u011fuzhan Bek\u00e7i k\u0131rm\u0131z\u0131 kart g\u00f6rerek oyun d\u0131\u015f\u0131 kald\u0131.<br \/>\n<br \/>\u00c7e\u015fme Belediyespor, ald\u0131\u011f\u0131 bu ma\u011flubiyetin ard\u0131ndan ligde 14 puanla 6. s\u0131rada yer ald\u0131. Mavi-beyazl\u0131 ekip, 16. haftada 18 Ocak Pazar g\u00fcn\u00fc G\u00fcm\u00fcld\u00fcrspor ile deplasmanda kar\u015f\u0131 kar\u015f\u0131ya gelecek.<br \/><\/p>\n","protected":false},"excerpt":{"rendered":"<p>\u0130zmir S\u00fcper Amat\u00f6r Lig E Grubu\u2019nun 15. haftas\u0131nda \u00c7e\u015fme Belediyespor, sahas\u0131nda konuk etti\u011fi G\u00fczelbah\u00e7e FSK\u2019ya 3-2 ma\u011flup oldu. Kar\u015f\u0131la\u015fmaya etkili ba\u015flayan konuk ekip G\u00fczelbah\u00e7e FSK, m\u00fccadelenin 3. dakikas\u0131nda G\u00f6kcan \u00d6zduman\u2019\u0131n att\u0131\u011f\u0131 golle 1-0 \u00f6ne ge\u00e7ti. Oyundaki \u00fcst\u00fcnl\u00fc\u011f\u00fcn\u00fc ilk yar\u0131 boyunca s\u00fcrd\u00fcren G\u00fczelbah\u00e7e FSK, 37. dakikada Og\u00fcn Bulut\u2019un gol\u00fcyle soyunma odas\u0131na 2-0\u2019l\u0131k avantajla gitti. \u0130kinci yar\u0131da&#8230;<\/p>\n","protected":false},"author":1,"featured_media":80055,"comment_status":"open","ping_status":"open","sticky":false,"template":"","format":"standard","meta":{"_crdt_document":"","footnotes":""},"categories":[4],"tags":[],"class_list":["post-80054","post","type-post","status-publish","format-standard","has-post-thumbnail","hentry","category-spor"],"_links":{"self":[{"href":"https:\/\/www.egemtv.com\/index.php?rest_route=\/wp\/v2\/posts\/80054","targetHints":{"allow":["GET"]}}],"collection":[{"href":"https:\/\/www.egemtv.com\/index.php?rest_route=\/wp\/v2\/posts"}],"about":[{"href":"https:\/\/www.egemtv.com\/index.php?rest_route=\/wp\/v2\/types\/post"}],"author":[{"embeddable":true,"href":"https:\/\/www.egemtv.com\/index.php?rest_route=\/wp\/v2\/users\/1"}],"replies":[{"embeddable":true,"href":"https:\/\/www.egemtv.com\/index.php?rest_route=%2Fwp%2Fv2%2Fcomments&post=80054"}],"version-history":[{"count":1,"href":"https:\/\/www.egemtv.com\/index.php?rest_route=\/wp\/v2\/posts\/80054\/revisions"}],"predecessor-version":[{"id":80056,"href":"https:\/\/www.egemtv.com\/index.php?rest_route=\/wp\/v2\/posts\/80054\/revisions\/80056"}],"wp:featuredmedia":[{"embeddable":true,"href":"https:\/\/www.egemtv.com\/index.php?rest_route=\/wp\/v2\/media\/80055"}],"wp:attachment":[{"href":"https:\/\/www.egemtv.com\/index.php?rest_route=%2Fwp%2Fv2%2Fmedia&parent=80054"}],"wp:term":[{"taxonomy":"category","embeddable":true,"href":"https:\/\/www.egemtv.com\/index.php?rest_route=%2Fwp%2Fv2%2Fcategories&post=80054"},{"taxonomy":"post_tag","embeddable":true,"href":"https:\/\/www.egemtv.com\/index.php?rest_route=%2Fwp%2Fv2%2Ftags&post=80054"}],"curies":[{"name":"wp","href":"https:\/\/api.w.org\/{rel}","templated":true}]}}