{"id":80051,"date":"2026-01-11T20:15:47","date_gmt":"2026-01-11T17:15:47","guid":{"rendered":"https:\/\/www.egemtv.com\/?p=80051"},"modified":"2026-01-11T20:15:48","modified_gmt":"2026-01-11T17:15:48","slug":"manisada-kar-coskusu-yaylalar-ziyaretcilerle-doldu","status":"publish","type":"post","link":"https:\/\/www.egemtv.com\/?p=80051","title":{"rendered":"Manisa\u2019da kar co\u015fkusu: Yaylalar ziyaret\u00e7ilerle doldu"},"content":{"rendered":"<p>Manisa\u2019n\u0131n Demirci il\u00e7esi merkezinde ya\u011fmur, y\u00fcksek kesimlerde ise kar ya\u011f\u0131\u015f\u0131 etkili oldu. Aileleriyle birlikte yaylara \u00e7\u0131kan vatanda\u015flar, karda e\u011flenerek k\u0131\u015f\u0131n keyfini ya\u015fad\u0131.<br \/>\n<br \/>\u0130l\u00e7eye ba\u011fl\u0131 1500 rak\u0131ml\u0131 Sar\u0131\u00e7ay\u0131r Do\u011fa Aktiviteleri ve Milli Bilin\u00e7 Kamp Merkezi ba\u015fta olmak \u00fczere T\u00fcrkmen Da\u011f\u0131, Asitepe ve B\u00fcy\u00fck Yayla karla kapland\u0131. Kar ya\u011f\u0131\u015f\u0131n\u0131 f\u0131rsat bilen vatanda\u015flar, Sar\u0131\u00e7ay\u0131r Milli Bilin\u00e7 Kamp Merkezi\u2019ne ak\u0131n etti. Vatanda\u015flar \u00e7ocuklar\u0131yla birlikte kar topu oynay\u0131p, kardan adam yapt\u0131. Kar k\u0131zaklar\u0131yla kayan \u00e7ocuklar ve aileler e\u011flenerek k\u0131\u015f\u0131n keyfini ya\u015fad\u0131. Vatanda\u015flar ayr\u0131ca Sar\u0131\u00e7ay\u0131r K\u0131r Lokantas\u0131\u2019nda aileleriyle birlikte kahvalt\u0131 yapt\u0131. Beyaza b\u00fcr\u00fcnen do\u011fa manzaras\u0131 e\u015fli\u011finde yap\u0131lan kahvalt\u0131, b\u00f6lgeye gelenlere unutulmaz anlar ya\u015fatt\u0131.<br \/>\n<br \/>Kar kal\u0131nl\u0131\u011f\u0131 y\u00fcksek kesimlerde 30 santimetreyi a\u015ft\u0131. Demirci Belediyesi ekipleri, Sar\u0131\u00e7ay\u0131r mevkiine ula\u015f\u0131m\u0131n aksamamas\u0131 i\u00e7in i\u015f makineleriyle kar temizleme \u00e7al\u0131\u015fmas\u0131 ger\u00e7ekle\u015ftirdi. Yap\u0131lan \u00e7al\u0131\u015fmalar sayesinde vatanda\u015flar\u0131n ula\u015f\u0131mlar\u0131nda herhangi bir aksama ya\u015fanmad\u0131.<br \/>\n<br \/>\u00d6te yandan dronla havadan g\u00f6r\u00fcnt\u00fclenen kar manzaras\u0131, Sar\u0131\u00e7ay\u0131r\u2019daki bungalovlar, beyaza b\u00fcr\u00fcnen yaylalar ve kar topu oynayan \u00e7ocuklarla birlikte kartpostall\u0131k g\u00f6r\u00fcnt\u00fcler olu\u015fturdu. Ortaya \u00e7\u0131kan muhte\u015fem manzaralar, Demirci\u2019de k\u0131\u015f mevsiminin g\u00fczelli\u011fini bir kez daha g\u00f6zler \u00f6n\u00fcne serdi.<br \/>\n<br \/>Yetkililer, kar ya\u011f\u0131\u015f\u0131n\u0131n y\u00fcksek kesimlerde ak\u015fam da etkili olaca\u011f\u0131n\u0131 belirterek, s\u00fcr\u00fcc\u00fcleri buzlanmaya kar\u015f\u0131 dikkatli olmalar\u0131 noktas\u0131nda uyard\u0131.<br \/><\/p>\n","protected":false},"excerpt":{"rendered":"<p>Manisa\u2019n\u0131n Demirci il\u00e7esi merkezinde ya\u011fmur, y\u00fcksek kesimlerde ise kar ya\u011f\u0131\u015f\u0131 etkili oldu. Aileleriyle birlikte yaylara \u00e7\u0131kan vatanda\u015flar, karda e\u011flenerek k\u0131\u015f\u0131n keyfini ya\u015fad\u0131. \u0130l\u00e7eye ba\u011fl\u0131 1500 rak\u0131ml\u0131 Sar\u0131\u00e7ay\u0131r Do\u011fa Aktiviteleri ve Milli Bilin\u00e7 Kamp Merkezi ba\u015fta olmak \u00fczere T\u00fcrkmen Da\u011f\u0131, Asitepe ve B\u00fcy\u00fck Yayla karla kapland\u0131. Kar ya\u011f\u0131\u015f\u0131n\u0131 f\u0131rsat bilen vatanda\u015flar, Sar\u0131\u00e7ay\u0131r Milli Bilin\u00e7 Kamp Merkezi\u2019ne&#8230;<\/p>\n","protected":false},"author":1,"featured_media":80052,"comment_status":"open","ping_status":"open","sticky":false,"template":"","format":"standard","meta":{"_crdt_document":"","footnotes":""},"categories":[1],"tags":[],"class_list":["post-80051","post","type-post","status-publish","format-standard","has-post-thumbnail","hentry","category-guncel"],"_links":{"self":[{"href":"https:\/\/www.egemtv.com\/index.php?rest_route=\/wp\/v2\/posts\/80051","targetHints":{"allow":["GET"]}}],"collection":[{"href":"https:\/\/www.egemtv.com\/index.php?rest_route=\/wp\/v2\/posts"}],"about":[{"href":"https:\/\/www.egemtv.com\/index.php?rest_route=\/wp\/v2\/types\/post"}],"author":[{"embeddable":true,"href":"https:\/\/www.egemtv.com\/index.php?rest_route=\/wp\/v2\/users\/1"}],"replies":[{"embeddable":true,"href":"https:\/\/www.egemtv.com\/index.php?rest_route=%2Fwp%2Fv2%2Fcomments&post=80051"}],"version-history":[{"count":1,"href":"https:\/\/www.egemtv.com\/index.php?rest_route=\/wp\/v2\/posts\/80051\/revisions"}],"predecessor-version":[{"id":80053,"href":"https:\/\/www.egemtv.com\/index.php?rest_route=\/wp\/v2\/posts\/80051\/revisions\/80053"}],"wp:featuredmedia":[{"embeddable":true,"href":"https:\/\/www.egemtv.com\/index.php?rest_route=\/wp\/v2\/media\/80052"}],"wp:attachment":[{"href":"https:\/\/www.egemtv.com\/index.php?rest_route=%2Fwp%2Fv2%2Fmedia&parent=80051"}],"wp:term":[{"taxonomy":"category","embeddable":true,"href":"https:\/\/www.egemtv.com\/index.php?rest_route=%2Fwp%2Fv2%2Fcategories&post=80051"},{"taxonomy":"post_tag","embeddable":true,"href":"https:\/\/www.egemtv.com\/index.php?rest_route=%2Fwp%2Fv2%2Ftags&post=80051"}],"curies":[{"name":"wp","href":"https:\/\/api.w.org\/{rel}","templated":true}]}}