{"id":80048,"date":"2026-01-11T19:34:38","date_gmt":"2026-01-11T16:34:38","guid":{"rendered":"https:\/\/www.egemtv.com\/?p=80048"},"modified":"2026-01-11T19:34:39","modified_gmt":"2026-01-11T16:34:39","slug":"kros-sporculari-turkiye-sampiyonasi-icin-ter-doktu","status":"publish","type":"post","link":"https:\/\/www.egemtv.com\/?p=80048","title":{"rendered":"Kros sporcular\u0131 T\u00fcrkiye \u015eampiyonas\u0131 i\u00e7in ter d\u00f6kt\u00fc"},"content":{"rendered":"<p>Manisa\u2019n\u0131n Akhisar il\u00e7esinde Gen\u00e7lik ve Spor Bakanl\u0131\u011f\u0131 taraf\u0131ndan d\u00fczenlenen Okul Sporlar\u0131 Kros Gen\u00e7ler ve Y\u0131ld\u0131zlar A-B Grup Yar\u0131\u015flar\u0131\u2019nda 14 ilden 322 sporcu dereceye girebilmek ve T\u00fcrkiye \u015eampiyonas\u0131\u2019na kat\u0131lma hakk\u0131 kazanmak i\u00e7in k\u0131yas\u0131ya m\u00fccadele etti.<br \/>\n<br \/>Gen\u00e7lik ve Spor Bakanl\u0131\u011f\u0131 taraf\u0131ndan d\u00fczenlenen Okul Sporlar\u0131 Kros Gen\u00e7ler ve Y\u0131ld\u0131zlar A-B Grup Yar\u0131\u015flar\u0131, Manisa Gen\u00e7lik ve Spor \u0130l M\u00fcd\u00fcrl\u00fc\u011f\u00fc\u2019n\u00fcn ev sahipli\u011finde Akhisar il\u00e7esi G\u00f6let mevkiinde ger\u00e7ekle\u015ftirildi.<br \/>\n<br \/>Manisa, \u0130zmir, Ayd\u0131n, K\u00fctahya, Mu\u011fla, \u00c7anakkale, Bal\u0131kesir, Bursa, U\u015fak, Afyonkarahisar, Denizli, Burdur, Isparta ve Antalya olmak \u00fczere 14 ilden 149 k\u0131z ve 173 erkek sporcu olmak \u00fczere toplam 322 atlet yar\u0131\u015fmalara kat\u0131ld\u0131. Sporcular; 2 bin, 3 bin ve 5 bin metrelik parkurlarda dereceye girebilmek i\u00e7in yo\u011fun rekabet i\u00e7inde m\u00fccadele etti.<br \/>\n<br \/>A\u00e7\u0131l\u0131\u015f t\u00f6reni, sayg\u0131 duru\u015fu ve \u0130stiklal Mar\u015f\u0131\u2019n\u0131n okunmas\u0131yla ba\u015flad\u0131. G\u00fcn boyunca devam eden yar\u0131\u015fmalarda gen\u00e7 sporcular, hem ferdi hem de tak\u0131m kategorilerinde en iyi dereceyi elde edebilmek i\u00e7in b\u00fcy\u00fck efor sarf etti. Yar\u0131\u015fmalar\u0131n tamamlanmas\u0131n\u0131n ard\u0131ndan, tak\u0131m ve ferdi kategorilerde dereceye giren sporcular T\u00fcrkiye \u015eampiyonas\u0131\u2019na kat\u0131lma hakk\u0131 kazand\u0131. Sporculara madalya ve kat\u0131l\u0131m belgeleri; Akhisar Kaymakam\u0131 Mustafa Can, Akhisar Gen\u00e7lik ve Spor \u0130l\u00e7e M\u00fcd\u00fcr\u00fc Hasan H\u00fcseyin Oktay, Okul Sporlar\u0131 \u015eube M\u00fcd\u00fcr\u00fc Fatih Umut Alt\u0131n\u0131\u015f\u0131k, Akhisar \u0130l\u00e7e Milli E\u011fitim M\u00fcd\u00fcr\u00fc M\u00fckremin Karasu, Akhisar Belediye Ba\u015fkanl\u0131\u011f\u0131 Tesisler M\u00fcd\u00fcr\u00fc Recep Burkay, Atletizm \u0130l Temsilcisi Nihat Sar\u0131da\u011f ve beden e\u011fitimi \u00f6\u011fretmenleri taraf\u0131ndan takdim edildi.<br \/><\/p>\n","protected":false},"excerpt":{"rendered":"<p>Manisa\u2019n\u0131n Akhisar il\u00e7esinde Gen\u00e7lik ve Spor Bakanl\u0131\u011f\u0131 taraf\u0131ndan d\u00fczenlenen Okul Sporlar\u0131 Kros Gen\u00e7ler ve Y\u0131ld\u0131zlar A-B Grup Yar\u0131\u015flar\u0131\u2019nda 14 ilden 322 sporcu dereceye girebilmek ve T\u00fcrkiye \u015eampiyonas\u0131\u2019na kat\u0131lma hakk\u0131 kazanmak i\u00e7in k\u0131yas\u0131ya m\u00fccadele etti. Gen\u00e7lik ve Spor Bakanl\u0131\u011f\u0131 taraf\u0131ndan d\u00fczenlenen Okul Sporlar\u0131 Kros Gen\u00e7ler ve Y\u0131ld\u0131zlar A-B Grup Yar\u0131\u015flar\u0131, Manisa Gen\u00e7lik ve Spor \u0130l M\u00fcd\u00fcrl\u00fc\u011f\u00fc\u2019n\u00fcn&#8230;<\/p>\n","protected":false},"author":1,"featured_media":80049,"comment_status":"open","ping_status":"open","sticky":false,"template":"","format":"standard","meta":{"_crdt_document":"","footnotes":""},"categories":[4],"tags":[],"class_list":["post-80048","post","type-post","status-publish","format-standard","has-post-thumbnail","hentry","category-spor"],"_links":{"self":[{"href":"https:\/\/www.egemtv.com\/index.php?rest_route=\/wp\/v2\/posts\/80048","targetHints":{"allow":["GET"]}}],"collection":[{"href":"https:\/\/www.egemtv.com\/index.php?rest_route=\/wp\/v2\/posts"}],"about":[{"href":"https:\/\/www.egemtv.com\/index.php?rest_route=\/wp\/v2\/types\/post"}],"author":[{"embeddable":true,"href":"https:\/\/www.egemtv.com\/index.php?rest_route=\/wp\/v2\/users\/1"}],"replies":[{"embeddable":true,"href":"https:\/\/www.egemtv.com\/index.php?rest_route=%2Fwp%2Fv2%2Fcomments&post=80048"}],"version-history":[{"count":1,"href":"https:\/\/www.egemtv.com\/index.php?rest_route=\/wp\/v2\/posts\/80048\/revisions"}],"predecessor-version":[{"id":80050,"href":"https:\/\/www.egemtv.com\/index.php?rest_route=\/wp\/v2\/posts\/80048\/revisions\/80050"}],"wp:featuredmedia":[{"embeddable":true,"href":"https:\/\/www.egemtv.com\/index.php?rest_route=\/wp\/v2\/media\/80049"}],"wp:attachment":[{"href":"https:\/\/www.egemtv.com\/index.php?rest_route=%2Fwp%2Fv2%2Fmedia&parent=80048"}],"wp:term":[{"taxonomy":"category","embeddable":true,"href":"https:\/\/www.egemtv.com\/index.php?rest_route=%2Fwp%2Fv2%2Fcategories&post=80048"},{"taxonomy":"post_tag","embeddable":true,"href":"https:\/\/www.egemtv.com\/index.php?rest_route=%2Fwp%2Fv2%2Ftags&post=80048"}],"curies":[{"name":"wp","href":"https:\/\/api.w.org\/{rel}","templated":true}]}}