{"id":80045,"date":"2026-01-11T19:34:37","date_gmt":"2026-01-11T16:34:37","guid":{"rendered":"https:\/\/www.egemtv.com\/?p=80045"},"modified":"2026-01-11T19:34:38","modified_gmt":"2026-01-11T16:34:38","slug":"izmir-soforler-ve-otomobilciler-esnaf-odasinda-erkan-ozkan-guven-tazeledi","status":"publish","type":"post","link":"https:\/\/www.egemtv.com\/?p=80045","title":{"rendered":"\u0130zmir \u015eof\u00f6rler ve Otomobilciler Esnaf Odas\u0131\u2019nda Erkan \u00d6zkan g\u00fcven tazeledi"},"content":{"rendered":"<p>\u0130zmir \u015eof\u00f6rler ve Otomobilciler Esnaf Odas\u0131\u2019n\u0131n ger\u00e7ekle\u015ftirilen ola\u011fan genel kurulunda mevcut ba\u015fkan Erkan \u00d6zkan, bin 293 oy alarak yeniden ba\u015fkanl\u0131\u011fa se\u00e7ildi.<br \/>\n<br \/>T\u00fcrkiye genelinde meslek odalar\u0131nda devam eden se\u00e7im heyecan\u0131 \u0130zmir\u2019de de ya\u015fand\u0131. \u0130zmir \u015eof\u00f6rler ve Otomobilciler Esnaf Odas\u0131 \u00fcyeleri, yeni d\u00f6nem ba\u015fkan\u0131 ve y\u00f6netim kurulunu belirlemek \u00fczere sand\u0131k ba\u015f\u0131na gitti. Gaziemir Fuar Alan\u0131 D Hol\u2019de ger\u00e7ekle\u015ftirilen ola\u011fan genel kurul saat 10.00\u2019da ba\u015flad\u0131. Yo\u011fun bir kat\u0131l\u0131mla ger\u00e7ekle\u015fen genel kurulda, ba\u015fkanl\u0131k i\u00e7in mevcut ba\u015fkan Erkan \u00d6zkan ile Sami \u00c7etinkaya yar\u0131\u015ft\u0131. \u00dcyelerin oy kullanma i\u015fleminin saat 17.00\u2019de sona ermesinin ard\u0131ndan oy say\u0131m\u0131na ge\u00e7ildi. Yap\u0131lan tasnif ve say\u0131m i\u015flemleri sonucunda adaylardan Sami \u00c7etinkaya 509 oy al\u0131rken, mevcut ba\u015fkan Erkan \u00d6zkan bin 293 oy alarak se\u00e7imi kazanan isim oldu. \u00dcyelerden bir kaz daha g\u00fcvenoyu alan Erkan \u00d6zkan, 4 y\u0131l s\u00fcreyle g\u00f6rev yapmak \u00fczere yeniden \u0130zmir \u015eof\u00f6rler ve Otomobilciler Esnaf Odas\u0131 Ba\u015fkan\u0131 se\u00e7ildi.<br \/><\/p>\n","protected":false},"excerpt":{"rendered":"<p>\u0130zmir \u015eof\u00f6rler ve Otomobilciler Esnaf Odas\u0131\u2019n\u0131n ger\u00e7ekle\u015ftirilen ola\u011fan genel kurulunda mevcut ba\u015fkan Erkan \u00d6zkan, bin 293 oy alarak yeniden ba\u015fkanl\u0131\u011fa se\u00e7ildi. T\u00fcrkiye genelinde meslek odalar\u0131nda devam eden se\u00e7im heyecan\u0131 \u0130zmir\u2019de de ya\u015fand\u0131. \u0130zmir \u015eof\u00f6rler ve Otomobilciler Esnaf Odas\u0131 \u00fcyeleri, yeni d\u00f6nem ba\u015fkan\u0131 ve y\u00f6netim kurulunu belirlemek \u00fczere sand\u0131k ba\u015f\u0131na gitti. Gaziemir Fuar Alan\u0131 D Hol\u2019de&#8230;<\/p>\n","protected":false},"author":1,"featured_media":80046,"comment_status":"open","ping_status":"open","sticky":false,"template":"","format":"standard","meta":{"_crdt_document":"","footnotes":""},"categories":[1],"tags":[],"class_list":["post-80045","post","type-post","status-publish","format-standard","has-post-thumbnail","hentry","category-guncel"],"_links":{"self":[{"href":"https:\/\/www.egemtv.com\/index.php?rest_route=\/wp\/v2\/posts\/80045","targetHints":{"allow":["GET"]}}],"collection":[{"href":"https:\/\/www.egemtv.com\/index.php?rest_route=\/wp\/v2\/posts"}],"about":[{"href":"https:\/\/www.egemtv.com\/index.php?rest_route=\/wp\/v2\/types\/post"}],"author":[{"embeddable":true,"href":"https:\/\/www.egemtv.com\/index.php?rest_route=\/wp\/v2\/users\/1"}],"replies":[{"embeddable":true,"href":"https:\/\/www.egemtv.com\/index.php?rest_route=%2Fwp%2Fv2%2Fcomments&post=80045"}],"version-history":[{"count":1,"href":"https:\/\/www.egemtv.com\/index.php?rest_route=\/wp\/v2\/posts\/80045\/revisions"}],"predecessor-version":[{"id":80047,"href":"https:\/\/www.egemtv.com\/index.php?rest_route=\/wp\/v2\/posts\/80045\/revisions\/80047"}],"wp:featuredmedia":[{"embeddable":true,"href":"https:\/\/www.egemtv.com\/index.php?rest_route=\/wp\/v2\/media\/80046"}],"wp:attachment":[{"href":"https:\/\/www.egemtv.com\/index.php?rest_route=%2Fwp%2Fv2%2Fmedia&parent=80045"}],"wp:term":[{"taxonomy":"category","embeddable":true,"href":"https:\/\/www.egemtv.com\/index.php?rest_route=%2Fwp%2Fv2%2Fcategories&post=80045"},{"taxonomy":"post_tag","embeddable":true,"href":"https:\/\/www.egemtv.com\/index.php?rest_route=%2Fwp%2Fv2%2Ftags&post=80045"}],"curies":[{"name":"wp","href":"https:\/\/api.w.org\/{rel}","templated":true}]}}