{"id":80042,"date":"2026-01-11T19:14:42","date_gmt":"2026-01-11T16:14:42","guid":{"rendered":"https:\/\/www.egemtv.com\/?p=80042"},"modified":"2026-01-11T19:14:42","modified_gmt":"2026-01-11T16:14:42","slug":"manisa-soforler-odasinda-degisim-cahit-guden-baskan-secildi","status":"publish","type":"post","link":"https:\/\/www.egemtv.com\/?p=80042","title":{"rendered":"Manisa \u015eof\u00f6rler Odas\u0131\u2019nda de\u011fi\u015fim: Cahit G\u00fcden ba\u015fkan se\u00e7ildi"},"content":{"rendered":"<p>Manisa \u015eof\u00f6rler ve Otomobilciler Esnaf Odas\u0131\u2019n\u0131n se\u00e7imli ola\u011fan genel kurulunda sand\u0131ktan de\u011fi\u015fim \u00e7\u0131kt\u0131. Atat\u00fcrk Kapal\u0131 Spor Salonu\u2019nda ger\u00e7ekle\u015ftirilen genel kurulda ba\u015fkan aday\u0131 Cahit G\u00fcden, 964 oy alarak odan\u0131n yeni ba\u015fkan\u0131 oldu. Mevcut ba\u015fkan Salih Karaa\u011fa\u00e7 ise 597 oyda kald\u0131.<br \/>\n<br \/>Manisa\u2019da \u015fof\u00f6r esnaf\u0131n\u0131n yo\u011fun ilgi g\u00f6sterdi\u011fi genel kurul, geni\u015f kat\u0131l\u0131mla tamamland\u0131. Divan ba\u015fkanl\u0131\u011f\u0131n\u0131 Manisa Esnaf ve Sanatk\u00e2rlar Odalar\u0131 Birli\u011fi Ba\u015fkan\u0131 Hasan Geriter\u2019in yapt\u0131\u011f\u0131 kongrede, sayg\u0131 duru\u015fu ve \u0130stiklal Mar\u015f\u0131\u2019n\u0131n ard\u0131ndan faaliyet ve denetim raporlar\u0131 okunarak oy birli\u011fiyle kabul edildi. Daha sonra k\u00fcrs\u00fcye \u00e7\u0131kan ba\u015fkan adaylar\u0131, projelerini ve de\u011ferlendirmelerini \u00fcyelerle payla\u015ft\u0131.<br \/>\n<br \/>Mevcut ba\u015fkan Salih Karaa\u011fa\u00e7 ile ba\u015fkan aday\u0131 Cahit G\u00fcden\u2019in yar\u0131\u015ft\u0131\u011f\u0131 se\u00e7imde, \u00fcyelerin tercihi de\u011fi\u015fimden yana oldu. Yap\u0131lan oylamada toplam 1 bin 580 oy kullan\u0131l\u0131rken, oylar\u0131n 1 bin 561\u2019i ge\u00e7erli, 19\u2019u ge\u00e7ersiz say\u0131ld\u0131. Say\u0131m sonucunda Cahit G\u00fcden 964 oyla Manisa \u015eof\u00f6rler ve Otomobilciler Esnaf Odas\u0131\u2019n\u0131n yeni ba\u015fkan\u0131 se\u00e7ildi.<br \/>\n<br \/>Yeni ba\u015fkan Cahit G\u00fcden ise yapt\u0131\u011f\u0131 a\u00e7\u0131klamada, \u015fof\u00f6r esnaf\u0131n\u0131n sorunlar\u0131n\u0131 sahada birebir tespit ederek \u00e7\u00f6z\u00fcm \u00fcretmeye odaklanacaklar\u0131n\u0131 belirtti. Oda y\u00f6netiminin daha aktif ve g\u00f6r\u00fcn\u00fcr olmas\u0131 gerekti\u011fini vurgulayan G\u00fcden, &#8220;Esnaf\u0131m\u0131z\u0131n sorunlar\u0131 d\u00f6nemsel de\u011fil, s\u00fcreklidir. Kurtar\u0131c\u0131 ve \u00e7ekici hizmetleri sadece se\u00e7im zamanlar\u0131nda de\u011fil, y\u0131l\u0131n her d\u00f6neminde kesintisiz \u015fekilde s\u00fcrd\u00fcrmeliyiz&#8221; dedi.<br \/>\n<br \/>Taksi duraklar\u0131n\u0131n fiziki \u015fartlar\u0131ndan baz\u0131 b\u00f6lgelerde ya\u015fanan esnaf sorunlar\u0131na kadar bir\u00e7ok ba\u015fl\u0131kta yeni bir anlay\u0131\u015fla hareket edeceklerini ifade eden G\u00fcden, &#8220;Bu oda \u00fcyelerimizin sesi olacak. Sorunlar\u0131 konu\u015fan de\u011fil, \u00e7\u00f6zen bir y\u00f6netim anlay\u0131\u015f\u0131yla yola \u00e7\u0131kt\u0131k&#8221; diye konu\u015ftu.<br \/>\n<br \/>Cahit G\u00fcden ba\u015fkanl\u0131\u011f\u0131ndaki yeni y\u00f6netim kurulunda \u015fu isimler yer ald\u0131: Fuat Eryolda\u015f, Erdal \u0130nan\u00e7, Hakan Pehlivan, Rasim To\u011frul, Cemal \u00c7\u0131nar, Ridvan \u00c7i\u00e7ek, \u0130brahim Akg\u00fcn, Murat Ergin, Bilal Acar, G\u00fcven Yi\u011fit, \u0130kbal Uluba\u015f, Ramazan Arg\u00fc\u00e7, Muammer Teler, Osman K\u00f6seler, Yavuz Kanon, Mehmet Kuzu, Necdet Kaba\u015f\u00e7\u0131, \u00c7a\u011fr\u0131 Ero\u011flu, Nurullah Yurtalan, Sinan K\u0131van\u00e7, Sel\u00e7uk Baras, Ali Ekber Ya\u011fc\u0131lar, Ali Erman, Cihan Bozta\u015f, Kamil \u00c7akar, \u00dcmit Y\u0131ld\u0131z, \u0130hsan G\u00fcnbay.<br \/><\/p>\n","protected":false},"excerpt":{"rendered":"<p>Manisa \u015eof\u00f6rler ve Otomobilciler Esnaf Odas\u0131\u2019n\u0131n se\u00e7imli ola\u011fan genel kurulunda sand\u0131ktan de\u011fi\u015fim \u00e7\u0131kt\u0131. Atat\u00fcrk Kapal\u0131 Spor Salonu\u2019nda ger\u00e7ekle\u015ftirilen genel kurulda ba\u015fkan aday\u0131 Cahit G\u00fcden, 964 oy alarak odan\u0131n yeni ba\u015fkan\u0131 oldu. Mevcut ba\u015fkan Salih Karaa\u011fa\u00e7 ise 597 oyda kald\u0131. Manisa\u2019da \u015fof\u00f6r esnaf\u0131n\u0131n yo\u011fun ilgi g\u00f6sterdi\u011fi genel kurul, geni\u015f kat\u0131l\u0131mla tamamland\u0131. Divan ba\u015fkanl\u0131\u011f\u0131n\u0131 Manisa Esnaf ve&#8230;<\/p>\n","protected":false},"author":1,"featured_media":80043,"comment_status":"open","ping_status":"open","sticky":false,"template":"","format":"standard","meta":{"_crdt_document":"","footnotes":""},"categories":[1],"tags":[],"class_list":["post-80042","post","type-post","status-publish","format-standard","has-post-thumbnail","hentry","category-guncel"],"_links":{"self":[{"href":"https:\/\/www.egemtv.com\/index.php?rest_route=\/wp\/v2\/posts\/80042","targetHints":{"allow":["GET"]}}],"collection":[{"href":"https:\/\/www.egemtv.com\/index.php?rest_route=\/wp\/v2\/posts"}],"about":[{"href":"https:\/\/www.egemtv.com\/index.php?rest_route=\/wp\/v2\/types\/post"}],"author":[{"embeddable":true,"href":"https:\/\/www.egemtv.com\/index.php?rest_route=\/wp\/v2\/users\/1"}],"replies":[{"embeddable":true,"href":"https:\/\/www.egemtv.com\/index.php?rest_route=%2Fwp%2Fv2%2Fcomments&post=80042"}],"version-history":[{"count":1,"href":"https:\/\/www.egemtv.com\/index.php?rest_route=\/wp\/v2\/posts\/80042\/revisions"}],"predecessor-version":[{"id":80044,"href":"https:\/\/www.egemtv.com\/index.php?rest_route=\/wp\/v2\/posts\/80042\/revisions\/80044"}],"wp:featuredmedia":[{"embeddable":true,"href":"https:\/\/www.egemtv.com\/index.php?rest_route=\/wp\/v2\/media\/80043"}],"wp:attachment":[{"href":"https:\/\/www.egemtv.com\/index.php?rest_route=%2Fwp%2Fv2%2Fmedia&parent=80042"}],"wp:term":[{"taxonomy":"category","embeddable":true,"href":"https:\/\/www.egemtv.com\/index.php?rest_route=%2Fwp%2Fv2%2Fcategories&post=80042"},{"taxonomy":"post_tag","embeddable":true,"href":"https:\/\/www.egemtv.com\/index.php?rest_route=%2Fwp%2Fv2%2Ftags&post=80042"}],"curies":[{"name":"wp","href":"https:\/\/api.w.org\/{rel}","templated":true}]}}