{"id":80036,"date":"2026-01-11T18:16:16","date_gmt":"2026-01-11T15:16:16","guid":{"rendered":"https:\/\/www.egemtv.com\/?p=80036"},"modified":"2026-01-11T18:16:17","modified_gmt":"2026-01-11T15:16:17","slug":"usakin-yuksek-kesimleri-beyaza-burundu","status":"publish","type":"post","link":"https:\/\/www.egemtv.com\/?p=80036","title":{"rendered":"U\u015fak\u2019\u0131n y\u00fcksek kesimleri beyaza b\u00fcr\u00fcnd\u00fc"},"content":{"rendered":"<p>U\u015fak\u2019ta hava s\u0131cakl\u0131klar\u0131n\u0131n d\u00fc\u015fmesiyle birlikte y\u00fcksek kesimlerde kar ya\u011f\u0131\u015f\u0131 etkili oldu.<br \/>\n<br \/>U\u015fak Meteoroloji M\u00fcd\u00fcrl\u00fc\u011f\u00fc\u2019n\u00fcn hava tahmin raporlar\u0131 do\u011frultusunda sabah saatlerinde ba\u015flayan kar ya\u011f\u0131\u015f\u0131, k\u0131sa s\u00fcrede y\u00fcksek rak\u0131ml\u0131 b\u00f6lgelerde etkisini art\u0131rd\u0131. Lapa lapa ya\u011fan kar, y\u00fcksek kesimleri beyaz \u00f6rt\u00fcyle kaplarken, baz\u0131 s\u00fcr\u00fcc\u00fcler trafikte ilerlemekte zor anlar ya\u015fad\u0131.<br \/>\n<br \/>Kar ya\u011f\u0131\u015f\u0131n\u0131n etkisini art\u0131rmas\u0131n\u0131n ard\u0131ndan Karayollar\u0131 25. \u015eube \u015eefli\u011fi ile \u0130l \u00d6zel \u0130daresi ekipleri ihtimal olumsuzluklara kar\u015f\u0131 teyakkuz haline ge\u00e7ti. Ekipler, ana arterler ba\u015fta olmak \u00fczere k\u0131rsal b\u00f6lgelerde \u00e7al\u0131\u015fmalar\u0131n\u0131 s\u00fcrd\u00fcr\u00fcrken, kapanma riski bulunan yollarda kar k\u00fcreme \u00e7al\u0131\u015fmalar\u0131 ger\u00e7ekle\u015ftirdi.<br \/>\n<br \/>\u00d6te yandan kar ya\u011f\u0131\u015f\u0131n\u0131n etkili oldu\u011fu b\u00f6lgeler dron ile havadan g\u00f6r\u00fcnt\u00fclendi.<br \/><\/p>\n","protected":false},"excerpt":{"rendered":"<p>U\u015fak\u2019ta hava s\u0131cakl\u0131klar\u0131n\u0131n d\u00fc\u015fmesiyle birlikte y\u00fcksek kesimlerde kar ya\u011f\u0131\u015f\u0131 etkili oldu. U\u015fak Meteoroloji M\u00fcd\u00fcrl\u00fc\u011f\u00fc\u2019n\u00fcn hava tahmin raporlar\u0131 do\u011frultusunda sabah saatlerinde ba\u015flayan kar ya\u011f\u0131\u015f\u0131, k\u0131sa s\u00fcrede y\u00fcksek rak\u0131ml\u0131 b\u00f6lgelerde etkisini art\u0131rd\u0131. Lapa lapa ya\u011fan kar, y\u00fcksek kesimleri beyaz \u00f6rt\u00fcyle kaplarken, baz\u0131 s\u00fcr\u00fcc\u00fcler trafikte ilerlemekte zor anlar ya\u015fad\u0131. Kar ya\u011f\u0131\u015f\u0131n\u0131n etkisini art\u0131rmas\u0131n\u0131n ard\u0131ndan Karayollar\u0131 25. \u015eube \u015eefli\u011fi&#8230;<\/p>\n","protected":false},"author":1,"featured_media":80037,"comment_status":"open","ping_status":"open","sticky":false,"template":"","format":"standard","meta":{"_crdt_document":"","footnotes":""},"categories":[1],"tags":[],"class_list":["post-80036","post","type-post","status-publish","format-standard","has-post-thumbnail","hentry","category-guncel"],"_links":{"self":[{"href":"https:\/\/www.egemtv.com\/index.php?rest_route=\/wp\/v2\/posts\/80036","targetHints":{"allow":["GET"]}}],"collection":[{"href":"https:\/\/www.egemtv.com\/index.php?rest_route=\/wp\/v2\/posts"}],"about":[{"href":"https:\/\/www.egemtv.com\/index.php?rest_route=\/wp\/v2\/types\/post"}],"author":[{"embeddable":true,"href":"https:\/\/www.egemtv.com\/index.php?rest_route=\/wp\/v2\/users\/1"}],"replies":[{"embeddable":true,"href":"https:\/\/www.egemtv.com\/index.php?rest_route=%2Fwp%2Fv2%2Fcomments&post=80036"}],"version-history":[{"count":1,"href":"https:\/\/www.egemtv.com\/index.php?rest_route=\/wp\/v2\/posts\/80036\/revisions"}],"predecessor-version":[{"id":80038,"href":"https:\/\/www.egemtv.com\/index.php?rest_route=\/wp\/v2\/posts\/80036\/revisions\/80038"}],"wp:featuredmedia":[{"embeddable":true,"href":"https:\/\/www.egemtv.com\/index.php?rest_route=\/wp\/v2\/media\/80037"}],"wp:attachment":[{"href":"https:\/\/www.egemtv.com\/index.php?rest_route=%2Fwp%2Fv2%2Fmedia&parent=80036"}],"wp:term":[{"taxonomy":"category","embeddable":true,"href":"https:\/\/www.egemtv.com\/index.php?rest_route=%2Fwp%2Fv2%2Fcategories&post=80036"},{"taxonomy":"post_tag","embeddable":true,"href":"https:\/\/www.egemtv.com\/index.php?rest_route=%2Fwp%2Fv2%2Ftags&post=80036"}],"curies":[{"name":"wp","href":"https:\/\/api.w.org\/{rel}","templated":true}]}}