{"id":80030,"date":"2026-01-11T18:16:14","date_gmt":"2026-01-11T15:16:14","guid":{"rendered":"https:\/\/www.egemtv.com\/?p=80030"},"modified":"2026-01-11T18:16:15","modified_gmt":"2026-01-11T15:16:15","slug":"salihlili-kahveciler-3-kez-hakan-yerliye-emanet","status":"publish","type":"post","link":"https:\/\/www.egemtv.com\/?p=80030","title":{"rendered":"Salihlili kahveciler 3. kez Hakan Yerli\u2019ye emanet"},"content":{"rendered":"<p>Manisa\u2019n\u0131n Salihli il\u00e7esinde Kahveciler Esnaf Odas\u0131\u2019n\u0131n ola\u011fan genel kurulunda, 3 aday\u0131n yar\u0131\u015ft\u0131\u011f\u0131 se\u00e7imi mevcut ba\u015fkan Hakan Yerli kazand\u0131.<br \/>\n<br \/>Salihli\u2019de 427 \u00fcyesi bulunan Kahveciler Esnaf Odas\u0131\u2019n\u0131n Ola\u011fan Genel Kurulu, Beyaz D\u00fc\u011f\u00fcn Salonu\u2019nda ger\u00e7ekle\u015ftirildi. Divan ba\u015fkanl\u0131\u011f\u0131n\u0131 Turgutlu Bakkallar Esnaf Odas\u0131 Ba\u015fkan\u0131 ve ayn\u0131 zamanda MESOB Y\u00f6netim Kurulu \u00dcyesi Erg\u00fcn \u00c7olak\u2019\u0131n yapt\u0131\u011f\u0131 kongrede, ba\u015fkanl\u0131k i\u00e7in mevcut ba\u015fkan Hakan Yerli ile di\u011fer adaylar \u015eevket Aki\u015f ve \u00d6zkan S\u00fcner yar\u0131\u015ft\u0131. Kullan\u0131lan 372 oyun 169\u2019unu alan Hakan Yerli, Salihli Kahveciler Esnaf Odas\u0131\u2019nda \u00fc\u00e7\u00fcnc\u00fc kez ba\u015fkan se\u00e7ildi. 3 oyun ge\u00e7ersiz say\u0131ld\u0131\u011f\u0131 se\u00e7imde \u015eevket Aki\u015f 131, \u00d6zkan S\u00fcner 69 oy ald\u0131. Hizmetlere kald\u0131klar\u0131 yerden devam edeceklerini belirten Yerli, kongreye kat\u0131larak destek veren t\u00fcm \u00fcyelere te\u015fekk\u00fcr etti.<br \/>\n<br \/>Hakan Yerli ba\u015fkanl\u0131\u011f\u0131ndaki Salihli Kahveciler Esnaf Odas\u0131 Y\u00f6netim Kurulu, \u0130smail Karabudak, H\u00fcseyin Ko\u00e7, Co\u015fkun Akpolat, Kamil G\u00fcren, Ahmet Karg\u0131n ve Tolga \u00c7etinkaya\u2019dan olu\u015furken, Denetim Kurulunda ise \u00d6zcan Durukan, Y\u00fcksel Mumcu ve U\u011fur Kocab\u0131y\u0131k yer ald\u0131.<br \/><\/p>\n","protected":false},"excerpt":{"rendered":"<p>Manisa\u2019n\u0131n Salihli il\u00e7esinde Kahveciler Esnaf Odas\u0131\u2019n\u0131n ola\u011fan genel kurulunda, 3 aday\u0131n yar\u0131\u015ft\u0131\u011f\u0131 se\u00e7imi mevcut ba\u015fkan Hakan Yerli kazand\u0131. Salihli\u2019de 427 \u00fcyesi bulunan Kahveciler Esnaf Odas\u0131\u2019n\u0131n Ola\u011fan Genel Kurulu, Beyaz D\u00fc\u011f\u00fcn Salonu\u2019nda ger\u00e7ekle\u015ftirildi. Divan ba\u015fkanl\u0131\u011f\u0131n\u0131 Turgutlu Bakkallar Esnaf Odas\u0131 Ba\u015fkan\u0131 ve ayn\u0131 zamanda MESOB Y\u00f6netim Kurulu \u00dcyesi Erg\u00fcn \u00c7olak\u2019\u0131n yapt\u0131\u011f\u0131 kongrede, ba\u015fkanl\u0131k i\u00e7in mevcut ba\u015fkan Hakan&#8230;<\/p>\n","protected":false},"author":1,"featured_media":80031,"comment_status":"open","ping_status":"open","sticky":false,"template":"","format":"standard","meta":{"_crdt_document":"","footnotes":""},"categories":[1],"tags":[],"class_list":["post-80030","post","type-post","status-publish","format-standard","has-post-thumbnail","hentry","category-guncel"],"_links":{"self":[{"href":"https:\/\/www.egemtv.com\/index.php?rest_route=\/wp\/v2\/posts\/80030","targetHints":{"allow":["GET"]}}],"collection":[{"href":"https:\/\/www.egemtv.com\/index.php?rest_route=\/wp\/v2\/posts"}],"about":[{"href":"https:\/\/www.egemtv.com\/index.php?rest_route=\/wp\/v2\/types\/post"}],"author":[{"embeddable":true,"href":"https:\/\/www.egemtv.com\/index.php?rest_route=\/wp\/v2\/users\/1"}],"replies":[{"embeddable":true,"href":"https:\/\/www.egemtv.com\/index.php?rest_route=%2Fwp%2Fv2%2Fcomments&post=80030"}],"version-history":[{"count":1,"href":"https:\/\/www.egemtv.com\/index.php?rest_route=\/wp\/v2\/posts\/80030\/revisions"}],"predecessor-version":[{"id":80032,"href":"https:\/\/www.egemtv.com\/index.php?rest_route=\/wp\/v2\/posts\/80030\/revisions\/80032"}],"wp:featuredmedia":[{"embeddable":true,"href":"https:\/\/www.egemtv.com\/index.php?rest_route=\/wp\/v2\/media\/80031"}],"wp:attachment":[{"href":"https:\/\/www.egemtv.com\/index.php?rest_route=%2Fwp%2Fv2%2Fmedia&parent=80030"}],"wp:term":[{"taxonomy":"category","embeddable":true,"href":"https:\/\/www.egemtv.com\/index.php?rest_route=%2Fwp%2Fv2%2Fcategories&post=80030"},{"taxonomy":"post_tag","embeddable":true,"href":"https:\/\/www.egemtv.com\/index.php?rest_route=%2Fwp%2Fv2%2Ftags&post=80030"}],"curies":[{"name":"wp","href":"https:\/\/api.w.org\/{rel}","templated":true}]}}