{"id":80027,"date":"2026-01-11T17:54:45","date_gmt":"2026-01-11T14:54:45","guid":{"rendered":"https:\/\/www.egemtv.com\/?p=80027"},"modified":"2026-01-11T17:54:46","modified_gmt":"2026-01-11T14:54:46","slug":"baskan-sadan-guven-tazeledi","status":"publish","type":"post","link":"https:\/\/www.egemtv.com\/?p=80027","title":{"rendered":"Ba\u015fkan \u015eadan g\u00fcven tazeledi"},"content":{"rendered":"<p>Kula Esnaf ve Sanatk\u00e2rlar Odas\u0131 Ba\u015fkan\u0131 Aytekin \u015eadan, tek listeyle girdi\u011fi ola\u011fan genel kurul se\u00e7iminde \u00fcyelerin deste\u011fini alarak yeniden ba\u015fkanl\u0131\u011fa se\u00e7ilerek g\u00fcven tazeledi.<br \/>\n<br \/>Kula Belediye D\u00fc\u011f\u00fcn Salonu\u2019nda ger\u00e7ekle\u015ftirilen genel kurul Sayg\u0131 duru\u015fu ve \u0130stiklal Mar\u015f\u0131\u2019n\u0131n okunmas\u0131yla ba\u015flad\u0131.  Ard\u0131ndan genel kurulda, faaliyet ve denetim raporlar\u0131 okunarak oy birli\u011fiyle ibra edildi. Tek listeyle gidilen se\u00e7imde mevcut ba\u015fkan Aytekin \u015eadan, \u00fcyelerin tamam\u0131n\u0131n oyunu alarak yeniden Kula Esnaf ve Sanatk\u00e2rlar Odas\u0131 Ba\u015fkanl\u0131\u011f\u0131 g\u00f6revine se\u00e7ildi. Se\u00e7im sonras\u0131 te\u015fekk\u00fcr konu\u015fmas\u0131 yapan Ba\u015fkan Aytekin \u015eadan, kendisine bir kez daha duyulan g\u00fcvenden dolay\u0131 t\u00fcm oda \u00fcyelerine te\u015fekk\u00fcr ederek, &#8220;Bug\u00fcne kadar esnaf\u0131m\u0131z\u0131n sorunlar\u0131n\u0131 \u00e7\u00f6zmek, taleplerini ilgili mercilere iletmek ve odam\u0131z\u0131 daha g\u00fc\u00e7l\u00fc bir yap\u0131ya kavu\u015fturmak i\u00e7in \u00e7al\u0131\u015ft\u0131k. Yeni d\u00f6nemde de ayn\u0131 azim ve kararl\u0131l\u0131kla, birlik ve beraberlik i\u00e7inde Kula esnaf\u0131 i\u00e7in \u00e7al\u0131\u015fmaya devam edece\u011fiz. Kap\u0131m\u0131z t\u00fcm esnaf\u0131m\u0131za her zaman a\u00e7\u0131k olacakt\u0131r,&#8221; dedi.<br \/>\n<br \/>Genel kurulda konu\u015fan Kula Kaymakam\u0131 Talha Altunta\u015f ise Aytekin \u015eadan\u2019\u0131 tebrik ederek, &#8220;Esnaf ve sanatk\u00e2rlar\u0131m\u0131z, il\u00e7emizin ekonomik ve sosyal hayat\u0131n\u0131n temel ta\u015flar\u0131d\u0131r. Yeniden ba\u015fkan se\u00e7ilen Say\u0131n Aytekin \u015eadan\u2019a ve y\u00f6netimine ba\u015far\u0131lar diliyorum. Kamu kurumlar\u0131 olarak esnaf\u0131m\u0131z\u0131n her zaman yan\u0131nda olmaya devam edece\u011fiz,&#8221; ifadelerini kulland\u0131.<br \/>\n<br \/>Konu\u015fmalar\u0131n ard\u0131ndan Ba\u015fkan \u015eadan ve y\u00f6netim kurulu \u00fcyeleri tebrikleri kabul ederken, genel kurul iyi dilek temennileriyle sona erdi.<br \/>\n<br \/>Genel kurula Kula Kaymakam\u0131 Talha Altunta\u015f, Kula Belediye Ba\u015fkan\u0131 Hikmet D\u00f6nmez, AK Parti Kula \u0130l\u00e7e Ba\u015fkan\u0131 Nejat G\u00fclmez, CHP Kula \u0130l\u00e7e Ba\u015fkan\u0131 Esen \u00c7\u0131nar, Manisa B\u00fcy\u00fck\u015fehir Belediyesi Kula Koordinat\u00f6r\u00fc Adem Yard\u0131mc\u0131, oda ba\u015fkanlar\u0131, esnaf temsilcileri ve \u00e7ok say\u0131da vatanda\u015f kat\u0131ld\u0131.<br \/><\/p>\n","protected":false},"excerpt":{"rendered":"<p>Kula Esnaf ve Sanatk\u00e2rlar Odas\u0131 Ba\u015fkan\u0131 Aytekin \u015eadan, tek listeyle girdi\u011fi ola\u011fan genel kurul se\u00e7iminde \u00fcyelerin deste\u011fini alarak yeniden ba\u015fkanl\u0131\u011fa se\u00e7ilerek g\u00fcven tazeledi. Kula Belediye D\u00fc\u011f\u00fcn Salonu\u2019nda ger\u00e7ekle\u015ftirilen genel kurul Sayg\u0131 duru\u015fu ve \u0130stiklal Mar\u015f\u0131\u2019n\u0131n okunmas\u0131yla ba\u015flad\u0131. Ard\u0131ndan genel kurulda, faaliyet ve denetim raporlar\u0131 okunarak oy birli\u011fiyle ibra edildi. Tek listeyle gidilen se\u00e7imde mevcut ba\u015fkan&#8230;<\/p>\n","protected":false},"author":1,"featured_media":80028,"comment_status":"open","ping_status":"open","sticky":false,"template":"","format":"standard","meta":{"_crdt_document":"","footnotes":""},"categories":[1],"tags":[],"class_list":["post-80027","post","type-post","status-publish","format-standard","has-post-thumbnail","hentry","category-guncel"],"_links":{"self":[{"href":"https:\/\/www.egemtv.com\/index.php?rest_route=\/wp\/v2\/posts\/80027","targetHints":{"allow":["GET"]}}],"collection":[{"href":"https:\/\/www.egemtv.com\/index.php?rest_route=\/wp\/v2\/posts"}],"about":[{"href":"https:\/\/www.egemtv.com\/index.php?rest_route=\/wp\/v2\/types\/post"}],"author":[{"embeddable":true,"href":"https:\/\/www.egemtv.com\/index.php?rest_route=\/wp\/v2\/users\/1"}],"replies":[{"embeddable":true,"href":"https:\/\/www.egemtv.com\/index.php?rest_route=%2Fwp%2Fv2%2Fcomments&post=80027"}],"version-history":[{"count":1,"href":"https:\/\/www.egemtv.com\/index.php?rest_route=\/wp\/v2\/posts\/80027\/revisions"}],"predecessor-version":[{"id":80029,"href":"https:\/\/www.egemtv.com\/index.php?rest_route=\/wp\/v2\/posts\/80027\/revisions\/80029"}],"wp:featuredmedia":[{"embeddable":true,"href":"https:\/\/www.egemtv.com\/index.php?rest_route=\/wp\/v2\/media\/80028"}],"wp:attachment":[{"href":"https:\/\/www.egemtv.com\/index.php?rest_route=%2Fwp%2Fv2%2Fmedia&parent=80027"}],"wp:term":[{"taxonomy":"category","embeddable":true,"href":"https:\/\/www.egemtv.com\/index.php?rest_route=%2Fwp%2Fv2%2Fcategories&post=80027"},{"taxonomy":"post_tag","embeddable":true,"href":"https:\/\/www.egemtv.com\/index.php?rest_route=%2Fwp%2Fv2%2Ftags&post=80027"}],"curies":[{"name":"wp","href":"https:\/\/api.w.org\/{rel}","templated":true}]}}