{"id":80024,"date":"2026-01-11T17:54:44","date_gmt":"2026-01-11T14:54:44","guid":{"rendered":"https:\/\/www.egemtv.com\/?p=80024"},"modified":"2026-01-11T17:54:45","modified_gmt":"2026-01-11T14:54:45","slug":"meterolojiden-guney-ege-icin-firtina-uyarisi","status":"publish","type":"post","link":"https:\/\/www.egemtv.com\/?p=80024","title":{"rendered":"Meteroloji\u2019den G\u00fcney Ege i\u00e7in f\u0131rt\u0131na uyar\u0131s\u0131"},"content":{"rendered":"<p>Meteoroloji Genel M\u00fcd\u00fcrl\u00fc\u011f\u00fc\u2019nden yap\u0131lan son de\u011ferlendirmelere g\u00f6re, G\u00fcney Ege\u2019de kuvvetli f\u0131rt\u0131na bekleniyor.<\/p>\n<p>Tahminlere g\u00f6re r\u00fczgar\u0131n, yar\u0131n (Pazartesi) sabah saatlerinden itibaren kuzey ve kuzeybat\u0131 y\u00f6nlerden 6 ila 8 kuvvetinde (50-75 kilometre\/saat) f\u0131rt\u0131na \u015feklinde esece\u011fi \u00f6ng\u00f6r\u00fcl\u00fcyor. F\u0131rt\u0131nan\u0131n, 13 Ocak 2026 Sal\u0131 g\u00fcn\u00fc ak\u015fam saatlerinden itibaren etkisini kaybetmesi bekleniyor. Yetkililer, f\u0131rt\u0131na nedeniyle deniz ula\u015f\u0131m\u0131nda aksamalar ya\u015fanabilece\u011fine dikkat \u00e7ekerken, ba\u015fta denizciler olmak \u00fczere t\u00fcm vatanda\u015flar\u0131n tedbirli ve dikkatli olmalar\u0131 gerekti\u011fini vurgulad\u0131. \u00d6zellikle k\u00fc\u00e7\u00fck tekne sahipleri ve bal\u0131k\u00e7\u0131lar\u0131n olumsuz hava \u015fartlar\u0131na kar\u015f\u0131 \u00f6nlem almalar\u0131 istendi.<br \/><\/p>\n","protected":false},"excerpt":{"rendered":"<p>Meteoroloji Genel M\u00fcd\u00fcrl\u00fc\u011f\u00fc\u2019nden yap\u0131lan son de\u011ferlendirmelere g\u00f6re, G\u00fcney Ege\u2019de kuvvetli f\u0131rt\u0131na bekleniyor. Tahminlere g\u00f6re r\u00fczgar\u0131n, yar\u0131n (Pazartesi) sabah saatlerinden itibaren kuzey ve kuzeybat\u0131 y\u00f6nlerden 6 ila 8 kuvvetinde (50-75 kilometre\/saat) f\u0131rt\u0131na \u015feklinde esece\u011fi \u00f6ng\u00f6r\u00fcl\u00fcyor. F\u0131rt\u0131nan\u0131n, 13 Ocak 2026 Sal\u0131 g\u00fcn\u00fc ak\u015fam saatlerinden itibaren etkisini kaybetmesi bekleniyor. Yetkililer, f\u0131rt\u0131na nedeniyle deniz ula\u015f\u0131m\u0131nda aksamalar ya\u015fanabilece\u011fine dikkat \u00e7ekerken,&#8230;<\/p>\n","protected":false},"author":1,"featured_media":80025,"comment_status":"open","ping_status":"open","sticky":false,"template":"","format":"standard","meta":{"_crdt_document":"","footnotes":""},"categories":[1],"tags":[],"class_list":["post-80024","post","type-post","status-publish","format-standard","has-post-thumbnail","hentry","category-guncel"],"_links":{"self":[{"href":"https:\/\/www.egemtv.com\/index.php?rest_route=\/wp\/v2\/posts\/80024","targetHints":{"allow":["GET"]}}],"collection":[{"href":"https:\/\/www.egemtv.com\/index.php?rest_route=\/wp\/v2\/posts"}],"about":[{"href":"https:\/\/www.egemtv.com\/index.php?rest_route=\/wp\/v2\/types\/post"}],"author":[{"embeddable":true,"href":"https:\/\/www.egemtv.com\/index.php?rest_route=\/wp\/v2\/users\/1"}],"replies":[{"embeddable":true,"href":"https:\/\/www.egemtv.com\/index.php?rest_route=%2Fwp%2Fv2%2Fcomments&post=80024"}],"version-history":[{"count":1,"href":"https:\/\/www.egemtv.com\/index.php?rest_route=\/wp\/v2\/posts\/80024\/revisions"}],"predecessor-version":[{"id":80026,"href":"https:\/\/www.egemtv.com\/index.php?rest_route=\/wp\/v2\/posts\/80024\/revisions\/80026"}],"wp:featuredmedia":[{"embeddable":true,"href":"https:\/\/www.egemtv.com\/index.php?rest_route=\/wp\/v2\/media\/80025"}],"wp:attachment":[{"href":"https:\/\/www.egemtv.com\/index.php?rest_route=%2Fwp%2Fv2%2Fmedia&parent=80024"}],"wp:term":[{"taxonomy":"category","embeddable":true,"href":"https:\/\/www.egemtv.com\/index.php?rest_route=%2Fwp%2Fv2%2Fcategories&post=80024"},{"taxonomy":"post_tag","embeddable":true,"href":"https:\/\/www.egemtv.com\/index.php?rest_route=%2Fwp%2Fv2%2Ftags&post=80024"}],"curies":[{"name":"wp","href":"https:\/\/api.w.org\/{rel}","templated":true}]}}