{"id":80018,"date":"2026-01-11T17:54:43","date_gmt":"2026-01-11T14:54:43","guid":{"rendered":"https:\/\/www.egemtv.com\/?p=80018"},"modified":"2026-01-11T17:54:43","modified_gmt":"2026-01-11T14:54:43","slug":"baskan-balaban-mac-yapan-cocuklarin-eglencesine-ortak-oldu","status":"publish","type":"post","link":"https:\/\/www.egemtv.com\/?p=80018","title":{"rendered":"Ba\u015fkan Balaban ma\u00e7 yapan \u00e7ocuklar\u0131n e\u011flencesine ortak oldu"},"content":{"rendered":"<p>Yunusemre Belediye Ba\u015fkan\u0131 Semih Balaban, Yuntda\u011f\u0131\u2019nda yer alan Seyitli Mahallesi\u2019nde vatanda\u015flarla bir araya geldi. K\u0131sa s\u00fcre \u00f6nce mahalleye kazand\u0131r\u0131lan hal\u0131 sahay\u0131 inceleyen Belediye Ba\u015fkan\u0131 Balaban, ma\u00e7 yapan \u00e7ocuklar\u0131n e\u011flencesine de ortak oldu.<br \/>\n<br \/>Yeni y\u0131lda da mahalle ziyaretlerine ara vermeden devam eden Ba\u015fkan Balaban\u2019a, Ba\u015fkan Yard\u0131mc\u0131s\u0131 Emine \u00d6zge Arslan ve Seyitli Mahalle Muhtar\u0131 \u0130brahim G\u00fcrcan e\u015flik etti. Ziyaret kapsam\u0131nda mahallede tamamlanan, yap\u0131m\u0131 s\u00fcren ve planlanan projeler hakk\u0131nda mahalle sakinleriyle fikir al\u0131\u015fveri\u015finde bulunuldu. \u0130lk olarak yap\u0131m\u0131 k\u0131sa s\u00fcre \u00f6nce tamamlanarak mahallelinin hizmetine sunulan hal\u0131 sahay\u0131 gezen Ba\u015fkan Balaban, burada incelemelerde bulundu. \u0130ncelemeler s\u0131ras\u0131nda sahada ma\u00e7 yapan \u00e7ocuklarla bir araya gelen Balaban, onlar\u0131n keyifli anlar\u0131na ortak oldu. Daha sonra, hay\u0131rsever bir i\u015f insan\u0131 ile belediyenin katk\u0131lar\u0131yla kad\u0131nlar i\u00e7in yap\u0131lan ibadet yerini ziyaret eden Ba\u015fkan Balaban, \u00e7al\u0131\u015fmalar hakk\u0131nda bilgi ald\u0131. Ziyaretin devam\u0131nda mahallede yap\u0131lmas\u0131 planlanan projeler yerinde de\u011ferlendirilirken, mahalle sakinleriyle g\u00f6r\u00fc\u015f al\u0131\u015fveri\u015finde bulunuldu. Ziyaret, vatanda\u015flardan gelen talep ve \u00f6nerilerin h\u0131zl\u0131ca \u00e7\u00f6z\u00fcm\u00fc i\u00e7in not al\u0131nmas\u0131yla sona erdi.<br \/><\/p>\n","protected":false},"excerpt":{"rendered":"<p>Yunusemre Belediye Ba\u015fkan\u0131 Semih Balaban, Yuntda\u011f\u0131\u2019nda yer alan Seyitli Mahallesi\u2019nde vatanda\u015flarla bir araya geldi. K\u0131sa s\u00fcre \u00f6nce mahalleye kazand\u0131r\u0131lan hal\u0131 sahay\u0131 inceleyen Belediye Ba\u015fkan\u0131 Balaban, ma\u00e7 yapan \u00e7ocuklar\u0131n e\u011flencesine de ortak oldu. Yeni y\u0131lda da mahalle ziyaretlerine ara vermeden devam eden Ba\u015fkan Balaban\u2019a, Ba\u015fkan Yard\u0131mc\u0131s\u0131 Emine \u00d6zge Arslan ve Seyitli Mahalle Muhtar\u0131 \u0130brahim G\u00fcrcan e\u015flik&#8230;<\/p>\n","protected":false},"author":1,"featured_media":80019,"comment_status":"open","ping_status":"open","sticky":false,"template":"","format":"standard","meta":{"_crdt_document":"","footnotes":""},"categories":[1],"tags":[],"class_list":["post-80018","post","type-post","status-publish","format-standard","has-post-thumbnail","hentry","category-guncel"],"_links":{"self":[{"href":"https:\/\/www.egemtv.com\/index.php?rest_route=\/wp\/v2\/posts\/80018","targetHints":{"allow":["GET"]}}],"collection":[{"href":"https:\/\/www.egemtv.com\/index.php?rest_route=\/wp\/v2\/posts"}],"about":[{"href":"https:\/\/www.egemtv.com\/index.php?rest_route=\/wp\/v2\/types\/post"}],"author":[{"embeddable":true,"href":"https:\/\/www.egemtv.com\/index.php?rest_route=\/wp\/v2\/users\/1"}],"replies":[{"embeddable":true,"href":"https:\/\/www.egemtv.com\/index.php?rest_route=%2Fwp%2Fv2%2Fcomments&post=80018"}],"version-history":[{"count":1,"href":"https:\/\/www.egemtv.com\/index.php?rest_route=\/wp\/v2\/posts\/80018\/revisions"}],"predecessor-version":[{"id":80020,"href":"https:\/\/www.egemtv.com\/index.php?rest_route=\/wp\/v2\/posts\/80018\/revisions\/80020"}],"wp:featuredmedia":[{"embeddable":true,"href":"https:\/\/www.egemtv.com\/index.php?rest_route=\/wp\/v2\/media\/80019"}],"wp:attachment":[{"href":"https:\/\/www.egemtv.com\/index.php?rest_route=%2Fwp%2Fv2%2Fmedia&parent=80018"}],"wp:term":[{"taxonomy":"category","embeddable":true,"href":"https:\/\/www.egemtv.com\/index.php?rest_route=%2Fwp%2Fv2%2Fcategories&post=80018"},{"taxonomy":"post_tag","embeddable":true,"href":"https:\/\/www.egemtv.com\/index.php?rest_route=%2Fwp%2Fv2%2Ftags&post=80018"}],"curies":[{"name":"wp","href":"https:\/\/api.w.org\/{rel}","templated":true}]}}