{"id":80015,"date":"2026-01-11T17:54:42","date_gmt":"2026-01-11T14:54:42","guid":{"rendered":"https:\/\/www.egemtv.com\/?p=80015"},"modified":"2026-01-11T17:54:43","modified_gmt":"2026-01-11T14:54:43","slug":"kavakliderede-araclar-karda-mahsur-kaldi","status":"publish","type":"post","link":"https:\/\/www.egemtv.com\/?p=80015","title":{"rendered":"Kavakl\u0131dere\u2019de ara\u00e7lar karda mahsur kald\u0131"},"content":{"rendered":"<p>Mu\u011fla\u2019n\u0131n Kavakl\u0131dere il\u00e7esinde kar ya\u011f\u0131\u015f\u0131 nedeniyle buzlanan yolda ara\u00e7lar mahsur kal\u0131rken, vatanda\u015flar\u0131n imdad\u0131na AFAD ekipleri yeti\u015fti.<br \/>\n<br \/>Edinilen bilgiye g\u00f6re, G\u00f6ktepe Da\u011f\u0131\u2019nda yo\u011fun kar ya\u011f\u0131\u015f\u0131 dolay\u0131s\u0131yla ara\u00e7lar buzlanan yolda ilerlemekte zorluk ya\u015fad\u0131. Yolda mahsur kalan ara\u00e7 sahipleri durumu 112 Acil \u00c7a\u011fr\u0131 Merkezi\u2019ne bildirdi. \u0130hbar \u00fczerine b\u00f6lgeye AFAD Mu\u011fla \u0130l M\u00fcd\u00fcrl\u00fc\u011f\u00fc ekipleri sevk edildi. Ekipler b\u00f6lgeye ula\u015farak mahsur kalan ara\u00e7lar\u0131n ilerleyebilmesi i\u00e7in \u00e7al\u0131\u015fma ba\u015flatt\u0131.<br \/><\/p>\n","protected":false},"excerpt":{"rendered":"<p>Mu\u011fla\u2019n\u0131n Kavakl\u0131dere il\u00e7esinde kar ya\u011f\u0131\u015f\u0131 nedeniyle buzlanan yolda ara\u00e7lar mahsur kal\u0131rken, vatanda\u015flar\u0131n imdad\u0131na AFAD ekipleri yeti\u015fti. Edinilen bilgiye g\u00f6re, G\u00f6ktepe Da\u011f\u0131\u2019nda yo\u011fun kar ya\u011f\u0131\u015f\u0131 dolay\u0131s\u0131yla ara\u00e7lar buzlanan yolda ilerlemekte zorluk ya\u015fad\u0131. Yolda mahsur kalan ara\u00e7 sahipleri durumu 112 Acil \u00c7a\u011fr\u0131 Merkezi\u2019ne bildirdi. \u0130hbar \u00fczerine b\u00f6lgeye AFAD Mu\u011fla \u0130l M\u00fcd\u00fcrl\u00fc\u011f\u00fc ekipleri sevk edildi. Ekipler b\u00f6lgeye ula\u015farak&#8230;<\/p>\n","protected":false},"author":1,"featured_media":80016,"comment_status":"open","ping_status":"open","sticky":false,"template":"","format":"standard","meta":{"_crdt_document":"","footnotes":""},"categories":[5],"tags":[],"class_list":["post-80015","post","type-post","status-publish","format-standard","has-post-thumbnail","hentry","category-asayis"],"_links":{"self":[{"href":"https:\/\/www.egemtv.com\/index.php?rest_route=\/wp\/v2\/posts\/80015","targetHints":{"allow":["GET"]}}],"collection":[{"href":"https:\/\/www.egemtv.com\/index.php?rest_route=\/wp\/v2\/posts"}],"about":[{"href":"https:\/\/www.egemtv.com\/index.php?rest_route=\/wp\/v2\/types\/post"}],"author":[{"embeddable":true,"href":"https:\/\/www.egemtv.com\/index.php?rest_route=\/wp\/v2\/users\/1"}],"replies":[{"embeddable":true,"href":"https:\/\/www.egemtv.com\/index.php?rest_route=%2Fwp%2Fv2%2Fcomments&post=80015"}],"version-history":[{"count":1,"href":"https:\/\/www.egemtv.com\/index.php?rest_route=\/wp\/v2\/posts\/80015\/revisions"}],"predecessor-version":[{"id":80017,"href":"https:\/\/www.egemtv.com\/index.php?rest_route=\/wp\/v2\/posts\/80015\/revisions\/80017"}],"wp:featuredmedia":[{"embeddable":true,"href":"https:\/\/www.egemtv.com\/index.php?rest_route=\/wp\/v2\/media\/80016"}],"wp:attachment":[{"href":"https:\/\/www.egemtv.com\/index.php?rest_route=%2Fwp%2Fv2%2Fmedia&parent=80015"}],"wp:term":[{"taxonomy":"category","embeddable":true,"href":"https:\/\/www.egemtv.com\/index.php?rest_route=%2Fwp%2Fv2%2Fcategories&post=80015"},{"taxonomy":"post_tag","embeddable":true,"href":"https:\/\/www.egemtv.com\/index.php?rest_route=%2Fwp%2Fv2%2Ftags&post=80015"}],"curies":[{"name":"wp","href":"https:\/\/api.w.org\/{rel}","templated":true}]}}